{"id":27840,"date":"2021-05-28T16:18:13","date_gmt":"2021-05-28T21:18:13","guid":{"rendered":"http:\/\/www.zonaroja.com.mx\/?p=27840"},"modified":"2021-05-28T16:18:16","modified_gmt":"2021-05-28T21:18:16","slug":"saymi-pineda-edil-candidata-de-morena-recibe-reclamos-y-militancia-pide-no-votar-por-ella","status":"publish","type":"post","link":"https:\/\/zonaroja.com.mx\/?p=27840","title":{"rendered":"Saymi Pineda edil-candidata de Morena recibe reclamos y militancia pide no votar por ella"},"content":{"rendered":"\n<p>Yuridiana Sosa\/Zona Roja.<\/p>\n\n\n\n<p>Oaxaca de Ju\u00e1rez, Oax., 28 de mayo de 2028.- La edil en busca de la reelecci\u00f3n por Morena en San Pedro Pochutla, Saymi Pineda Velasco, &nbsp;suma inconformidades en las comunidades del municipio que a\u00fan gobierna, donde le reclaman falta de obras e incumplimientos de supuestos compromisos que realiz\u00f3 en su primera campa\u00f1a.<\/p>\n\n\n\n<p>Por otra parte, muchos militantes de Morena realizan una campa\u00f1a para pedir a la poblaci\u00f3n que no vote por Pineda Velasco, por varias razones, entre esas porque no ha cumplido como autoridad municipal y no es aut\u00e9ntica morenista.<\/p>\n\n\n\n<p>Durante un encuentro con la poblaci\u00f3n de Xonene, la candidata fue encarada por los habitantes, a quienes pide disculpas por su falta de compromiso.<\/p>\n\n\n\n<p>Antes de recibir los reclamos, Pineda Velasco dio a conocer sus propuestas y sostuvo \u201c\u00a1Palabra que empe\u00f1o, la cumplo!\u201d, y despu\u00e9s dio la palabra a los asistentes, a quienes les pidi\u00f3 propuestas.<\/p>\n\n\n\n<p>\u201c\u00bfPor qu\u00e9 tiene que esperar tiempo de elecciones para venir?\u201d, encar\u00f3 un ciudadano a la edil, para reprochar que en dos a\u00f1os y cinco meses de gobierno s\u00f3lo ha enviado a rastrear una vez su camino de acceso y no se volvi\u00f3 a parar ah\u00ed.<\/p>\n\n\n\n<p>Pero ante el enojo y apoyo de otros habitantes, el var\u00f3n agreg\u00f3: \u201c\u00a1A nosotros qui\u00e9n nos asegura que nos va a cumplir si la apoyamos!\u201d; \u201c\u00a1Su palabra no vale!\u201d, gritaban otros ciudadanos.<\/p>\n\n\n\n<figure class=\"wp-block-embed-twitter wp-block-embed is-type-rich is-provider-twitter\"><div class=\"wp-block-embed__wrapper\">\n<div class=\"twitter-tweet\"><blockquote class=\"twitter-tweet\" data-lang=\"es\"><p lang=\"es\" dir=\"ltr\">Otra autoridad surgida de <a href=\"https:\/\/twitter.com\/hashtag\/Morena?src=hash&amp;ref_src=twsrc%5Etfw\">#Morena<\/a> es encarada y acusada de incumplir compromisos&#8230; y ahora busca el voto para reelegirse <br>Se trata de <a href=\"https:\/\/twitter.com\/saymipinedav?ref_src=twsrc%5Etfw\">@saymipinedav<\/a>, de San Pedro <a href=\"https:\/\/twitter.com\/hashtag\/Pochutla?src=hash&amp;ref_src=twsrc%5Etfw\">#Pochutla<\/a>, quien fue se\u00f1alada en la comunidad de Xonene de no apoyarlos en su gesti\u00f3n como edil. <a href=\"https:\/\/t.co\/fR57Y6QjrQ\">pic.twitter.com\/fR57Y6QjrQ<\/a><\/p>&mdash; Zona Roja Oaxaca (@Zona_Roja_Oax) <a href=\"https:\/\/twitter.com\/Zona_Roja_Oax\/status\/1398272843419430920?ref_src=twsrc%5Etfw\">28 de mayo de 2021<\/a><\/blockquote><\/div>\n<\/div><\/figure>\n\n\n\n<p>Los inconformes le recordaron las primeras promesas, como apoyo para la casa de salud, escuela, y obra prioritaria, las cuales no llegaron.<\/p>\n\n\n\n<p>La aspirante a la reelecci\u00f3n ofreci\u00f3 disculpas y sostuvo que va a cumplir con lo que prometi\u00f3 la primera vez.<\/p>\n\n\n\n<p>NO VOTEN POR ELLA<\/p>\n\n\n\n<p>\u201c\u00a1No le den ni un voto a Saymi, se va a burlar de nosotros si vuelve a llegar!\u201d, es el claro mensaje que lanz\u00f3 a la poblaci\u00f3n un ciudadano de Pochutla, quien se identific\u00f3 como obradoristas y morenista.<\/p>\n\n\n\n<p>En un mitin, donde no estaba presente la candidata y edil, el hombre tom\u00f3 la palabra y lament\u00f3 la falta de cumplimiento de la mujer, a quien le dieron la confianza de gobernar la primera vez por abanderarse de Morena.<\/p>\n\n\n\n<p>Pero ante los nulos resultados como autoridad ser\u00eda un error darle el voto nuevamente, pues se fomentar\u00eda la corrupci\u00f3n, adem\u00e1s que el propio presidente Andr\u00e9s Manuel L\u00f3pez Obrador rechaza el acto de la reelecci\u00f3n, manifest\u00f3.<\/p>\n\n\n\n<p>El hombre, quien desde el 2004 apoya a L\u00f3pez Obrador, record\u00f3 que Pineda Velasco surgi\u00f3 de Morena y en la jornada pasada fue impuesta por Salom\u00f3n Jara, Senador por Oaxaca y l\u00edder de Morena en Oaxaca.<\/p>\n","protected":false},"excerpt":{"rendered":"<p>Yuridiana Sosa\/Zona Roja. Oaxaca de Ju\u00e1rez, Oax., 28 de mayo de 2028.- La edil en&hellip;<\/p>\n","protected":false},"author":2,"featured_media":27841,"comment_status":"closed","ping_status":"open","sticky":false,"template":"","format":"standard","meta":{"_lmt_disableupdate":"","_lmt_disable":"","_jetpack_memberships_contains_paid_content":false,"footnotes":""},"categories":[109,47],"tags":[2714],"class_list":["post-27840","post","type-post","status-publish","format-standard","has-post-thumbnail","hentry","category-minuto-a-minuto","category-zona-gris","tag-saymi-pineda-velasco"],"jetpack_featured_media_url":"https:\/\/zonaroja.com.mx\/wp-content\/uploads\/2021\/05\/Saymi-Pineda.jpg","jetpack_sharing_enabled":true,"_links":{"self":[{"href":"https:\/\/zonaroja.com.mx\/index.php?rest_route=\/wp\/v2\/posts\/27840","targetHints":{"allow":["GET"]}}],"collection":[{"href":"https:\/\/zonaroja.com.mx\/index.php?rest_route=\/wp\/v2\/posts"}],"about":[{"href":"https:\/\/zonaroja.com.mx\/index.php?rest_route=\/wp\/v2\/types\/post"}],"author":[{"embeddable":true,"href":"https:\/\/zonaroja.com.mx\/index.php?rest_route=\/wp\/v2\/users\/2"}],"replies":[{"embeddable":true,"href":"https:\/\/zonaroja.com.mx\/index.php?rest_route=%2Fwp%2Fv2%2Fcomments&post=27840"}],"version-history":[{"count":1,"href":"https:\/\/zonaroja.com.mx\/index.php?rest_route=\/wp\/v2\/posts\/27840\/revisions"}],"predecessor-version":[{"id":27842,"href":"https:\/\/zonaroja.com.mx\/index.php?rest_route=\/wp\/v2\/posts\/27840\/revisions\/27842"}],"wp:featuredmedia":[{"embeddable":true,"href":"https:\/\/zonaroja.com.mx\/index.php?rest_route=\/wp\/v2\/media\/27841"}],"wp:attachment":[{"href":"https:\/\/zonaroja.com.mx\/index.php?rest_route=%2Fwp%2Fv2%2Fmedia&parent=27840"}],"wp:term":[{"taxonomy":"category","embeddable":true,"href":"https:\/\/zonaroja.com.mx\/index.php?rest_route=%2Fwp%2Fv2%2Fcategories&post=27840"},{"taxonomy":"post_tag","embeddable":true,"href":"https:\/\/zonaroja.com.mx\/index.php?rest_route=%2Fwp%2Fv2%2Ftags&post=27840"}],"curies":[{"name":"wp","href":"https:\/\/api.w.org\/{rel}","templated":true}]}}