{"id":27843,"date":"2021-05-28T19:52:31","date_gmt":"2021-05-29T00:52:31","guid":{"rendered":"http:\/\/www.zonaroja.com.mx\/?p=27843"},"modified":"2021-05-28T19:52:35","modified_gmt":"2021-05-29T00:52:35","slug":"ordena-teeo-a-morena-analizar-inconformidad-sobre-candidatura-de-juan-carlos-garcia-marquez","status":"publish","type":"post","link":"https:\/\/zonaroja.com.mx\/?p=27843","title":{"rendered":"Ordena TEEO a Morena analizar inconformidad sobre candidatura de Juan Carlos Garc\u00eda M\u00e1rquez"},"content":{"rendered":"\n<p>Redacci\u00f3n\/Zona Roja.<\/p>\n\n\n\n<p>Oaxaca de Ju\u00e1rez, Oax., 28 de mayo de 2021.- El Pleno del Tribunal Electoral del Estado de Oaxaca (TEEO) orden\u00f3 a la Comisi\u00f3n Nacional de Honestidad y Justicia de Morena, analice la inconformidad que le fue planteada sobre la candidatura a la presidencia municipal de Santa Luc\u00eda del Camino.<\/p>\n\n\n\n<p>A trav\u00e9s del juicio para la protecci\u00f3n de los derechos pol\u00edtico electorales del ciudadano, con clave JDC\/176\/2021, la magistrada y los magistrados declararon fundados los agravios hechos valer por Mario Luis Pradillo S\u00e1nchez, precandidato a presidente municipal en esa localidad, en contra del acuerdo de sobreseimiento y del acuerdo aclaratorio dictados por esa Comisi\u00f3n.<\/p>\n\n\n\n<p>En consecuencia, este \u00f3rgano jurisdiccional revoc\u00f3 estos acuerdos y requiri\u00f3 a la Comisi\u00f3n Nacional de Honestidad y Justicia de Morena que, en caso de no advertir la actualizaci\u00f3n de diversa causal de improcedencia, analice de manera exhaustiva y de forma individual los conceptos de agravios primigenios expresados por el actor.<\/p>\n\n\n\n<p>En el estudio de este asunto, se indic\u00f3 que dicha Comisi\u00f3n no acredit\u00f3 haber publicado el 15 de marzo, la \u201crelaci\u00f3n de solicitudes de registro aprobadas en los procesos internos para la selecci\u00f3n de candidaturas correspondientes al estado de Oaxaca para el proceso electoral 2020-2021\u201d, en el enlace electr\u00f3nico establecido en la convocatoria<\/p>\n\n\n\n<p>Pradilllo S\u00e1nchez manifest\u00f3 que tuvo conocimiento, mediante un comunicado oficial del Comit\u00e9 Ejecutivo Estatal de Morena publicado en la red social Facebook, que Juan Carlos Garc\u00eda M\u00e1rquez result\u00f3 ser el mejor posicionado como candidato a la presidencia \u00b4municipal de Santa Luc\u00eda del Camino.<\/p>\n\n\n\n<p>El Tribunal refiri\u00f3 que la Comisi\u00f3n Nacional de Honestidad y Justicia de Morena ha se\u00f1alado distintas fechas del momento en que fueron publicados los resultados del proceso de selecci\u00f3n interno, seg\u00fan consta en informes circunstanciados en diversos medios de impugnaci\u00f3n; por lo tanto, ante tal incertidumbre, se tuvo por v\u00e1lida la fecha que el actor reconoci\u00f3 en su demanda.<\/p>\n","protected":false},"excerpt":{"rendered":"<p>Redacci\u00f3n\/Zona Roja. Oaxaca de Ju\u00e1rez, Oax., 28 de mayo de 2021.- El Pleno del Tribunal&hellip;<\/p>\n","protected":false},"author":2,"featured_media":27844,"comment_status":"closed","ping_status":"open","sticky":false,"template":"","format":"standard","meta":{"_lmt_disableupdate":"","_lmt_disable":"","_jetpack_memberships_contains_paid_content":false,"footnotes":""},"categories":[109,47],"tags":[2533,2614],"class_list":["post-27843","post","type-post","status-publish","format-standard","has-post-thumbnail","hentry","category-minuto-a-minuto","category-zona-gris","tag-juan-carlos-garcia-marquez","tag-mario-pradillo-sanchez"],"jetpack_featured_media_url":"https:\/\/zonaroja.com.mx\/wp-content\/uploads\/2021\/05\/Mario-Pradillo-y-Garcia-Marquez.jpg","jetpack_sharing_enabled":true,"_links":{"self":[{"href":"https:\/\/zonaroja.com.mx\/index.php?rest_route=\/wp\/v2\/posts\/27843","targetHints":{"allow":["GET"]}}],"collection":[{"href":"https:\/\/zonaroja.com.mx\/index.php?rest_route=\/wp\/v2\/posts"}],"about":[{"href":"https:\/\/zonaroja.com.mx\/index.php?rest_route=\/wp\/v2\/types\/post"}],"author":[{"embeddable":true,"href":"https:\/\/zonaroja.com.mx\/index.php?rest_route=\/wp\/v2\/users\/2"}],"replies":[{"embeddable":true,"href":"https:\/\/zonaroja.com.mx\/index.php?rest_route=%2Fwp%2Fv2%2Fcomments&post=27843"}],"version-history":[{"count":1,"href":"https:\/\/zonaroja.com.mx\/index.php?rest_route=\/wp\/v2\/posts\/27843\/revisions"}],"predecessor-version":[{"id":27845,"href":"https:\/\/zonaroja.com.mx\/index.php?rest_route=\/wp\/v2\/posts\/27843\/revisions\/27845"}],"wp:featuredmedia":[{"embeddable":true,"href":"https:\/\/zonaroja.com.mx\/index.php?rest_route=\/wp\/v2\/media\/27844"}],"wp:attachment":[{"href":"https:\/\/zonaroja.com.mx\/index.php?rest_route=%2Fwp%2Fv2%2Fmedia&parent=27843"}],"wp:term":[{"taxonomy":"category","embeddable":true,"href":"https:\/\/zonaroja.com.mx\/index.php?rest_route=%2Fwp%2Fv2%2Fcategories&post=27843"},{"taxonomy":"post_tag","embeddable":true,"href":"https:\/\/zonaroja.com.mx\/index.php?rest_route=%2Fwp%2Fv2%2Ftags&post=27843"}],"curies":[{"name":"wp","href":"https:\/\/api.w.org\/{rel}","templated":true}]}}