{"id":27846,"date":"2021-05-28T20:44:37","date_gmt":"2021-05-29T01:44:37","guid":{"rendered":"http:\/\/www.zonaroja.com.mx\/?p=27846"},"modified":"2021-05-28T20:44:47","modified_gmt":"2021-05-29T01:44:47","slug":"paran-obra-del-corredor-interoceanico-en-san-juan-guichicovi","status":"publish","type":"post","link":"https:\/\/zonaroja.com.mx\/?p=27846","title":{"rendered":"Paran obra del Corredor Interoce\u00e1nico en San Juan Guichicovi"},"content":{"rendered":"\n<p>Evlin Arag\u00f3n\/Zona Roja.<\/p>\n\n\n\n<p>Oaxaca de Ju\u00e1rez, Oax., 28 de mayo de 2021.- Mediante acuerdo de asamblea, autoridades comunales y habitantes del Ejido Mogo\u00f1e Viejo, perteneciente al municipio de San Juan Guichicovi, acordaron parar los trabajos del Corredor Interoce\u00e1nico que se llevan a cabo en su territorio, lo anterior debido a la atenci\u00f3n por parte de las autoridades locales.&nbsp;<\/p>\n\n\n\n<p>\u201cLa Asamblea General de ejidatarios de este n\u00facleo agrario ha acordado parar los trabajos en nuestro ejido que pretenden realizar las empresas contratistas, ya que no han respetado los acuerdo y hasta el momento no hay ninguna respuesta o atenci\u00f3n a nuestras demandas\u201d, refiere el documento firmado por el Comisariado Ejidal.&nbsp;<\/p>\n\n\n\n<p>En el mismo aseguran que, en caso de no respetar su decisi\u00f3n, tomaran acciones m\u00e1s contundentes para evitar las autoridades estatales y federales pasen por alto los acuerdos generados en la localidad.&nbsp;<\/p>\n\n\n\n<p>Explicaron como parte de la asamblea, realizada el 12 de julio del 2020, se acord\u00f3 que mientras no haya ninguna negociaci\u00f3n con el Corredor Interoce\u00e1nico y Ferrocarriles del Istmo de Tehuantepec, no podr\u00e1n entrar a su territorio a realizar alg\u00fan tipo trabajo.&nbsp;<\/p>\n\n\n\n<p>Lo anterior ha sido ignorado por las autoridades, ya que trabajadores de la empresa contratada por Ferrocarriles del Istmo de Tehuantepec han iniciado con acciones de medici\u00f3n en las v\u00edas f\u00e9rreas y de desazolve en alcantarillados rompiendo incluso una de las tuber\u00edas que abastece de agua a la comunidad.<\/p>\n\n\n\n<p>\u201cEn repetidas ocasiones hemos hecho el reporte ante el licenciado Jos\u00e9 S\u00e1nchez P\u00e9rez, director de Ferrocarriles del Istmo de Tehuantepec, para que la empresa contratista evite enviar sus trabajadores hasta en tanto no se llegue a una negociaci\u00f3n y atenci\u00f3n a nuestras demandas, sin que a la fecha haya una respuesta positiva\u201d, refieren.<\/p>\n\n\n\n<p>De ah\u00ed que determinaron parar los trabajos al interior de su ejido y emitieron el comunicado dirigido al presidente de la Rep\u00fablica, Andr\u00e9s Manuel L\u00f3pez Obrador; el gobernador de Oaxaca, Alejandro Murat Hinojosa; y el titular del Corredor Interoce\u00e1nico, Rafael Mar\u00edn Mollinedo.&nbsp;<\/p>\n\n\n\n<p>Finalmente, indicaron que est\u00e1n en la mejor disposici\u00f3n de que por la v\u00eda del di\u00e1logo se lleve a cabo una buena negociaci\u00f3n en torno a las demandas emitidas en el acta de asamblea, realizada en julio del a\u00f1o pasado.&nbsp;<\/p>\n\n\n\n<p>El documento est\u00e1 firmado por Venancio Francisco Joaqu\u00edn, presidente del Comisariado Ejidal; Sergio Casta\u00f1\u00f3n L\u00f3pez, secretario; y Amos L\u00f3pez Valent\u00edn, tesorero; as\u00ed como los integrantes del Consejo de Vigilancia: Constantino Blas Miguel, Abelino Jacinto Antonio y Hortensia Jos\u00e9 Valent\u00edn.&nbsp;<\/p>\n","protected":false},"excerpt":{"rendered":"<p>Evlin Arag\u00f3n\/Zona Roja. Oaxaca de Ju\u00e1rez, Oax., 28 de mayo de 2021.- Mediante acuerdo de&hellip;<\/p>\n","protected":false},"author":2,"featured_media":26962,"comment_status":"closed","ping_status":"open","sticky":false,"template":"","format":"standard","meta":{"_lmt_disableupdate":"","_lmt_disable":"","_jetpack_memberships_contains_paid_content":false,"footnotes":""},"categories":[109,47],"tags":[1068],"class_list":["post-27846","post","type-post","status-publish","format-standard","has-post-thumbnail","hentry","category-minuto-a-minuto","category-zona-gris","tag-corredor-transistmico"],"jetpack_featured_media_url":"https:\/\/zonaroja.com.mx\/wp-content\/uploads\/2021\/05\/AMH-TREN-DEL-ISTMO-DE-TEHUANTEPEC-6.jpeg","jetpack_sharing_enabled":true,"_links":{"self":[{"href":"https:\/\/zonaroja.com.mx\/index.php?rest_route=\/wp\/v2\/posts\/27846","targetHints":{"allow":["GET"]}}],"collection":[{"href":"https:\/\/zonaroja.com.mx\/index.php?rest_route=\/wp\/v2\/posts"}],"about":[{"href":"https:\/\/zonaroja.com.mx\/index.php?rest_route=\/wp\/v2\/types\/post"}],"author":[{"embeddable":true,"href":"https:\/\/zonaroja.com.mx\/index.php?rest_route=\/wp\/v2\/users\/2"}],"replies":[{"embeddable":true,"href":"https:\/\/zonaroja.com.mx\/index.php?rest_route=%2Fwp%2Fv2%2Fcomments&post=27846"}],"version-history":[{"count":1,"href":"https:\/\/zonaroja.com.mx\/index.php?rest_route=\/wp\/v2\/posts\/27846\/revisions"}],"predecessor-version":[{"id":27847,"href":"https:\/\/zonaroja.com.mx\/index.php?rest_route=\/wp\/v2\/posts\/27846\/revisions\/27847"}],"wp:featuredmedia":[{"embeddable":true,"href":"https:\/\/zonaroja.com.mx\/index.php?rest_route=\/wp\/v2\/media\/26962"}],"wp:attachment":[{"href":"https:\/\/zonaroja.com.mx\/index.php?rest_route=%2Fwp%2Fv2%2Fmedia&parent=27846"}],"wp:term":[{"taxonomy":"category","embeddable":true,"href":"https:\/\/zonaroja.com.mx\/index.php?rest_route=%2Fwp%2Fv2%2Fcategories&post=27846"},{"taxonomy":"post_tag","embeddable":true,"href":"https:\/\/zonaroja.com.mx\/index.php?rest_route=%2Fwp%2Fv2%2Ftags&post=27846"}],"curies":[{"name":"wp","href":"https:\/\/api.w.org\/{rel}","templated":true}]}}