{"id":27848,"date":"2021-05-28T21:13:29","date_gmt":"2021-05-29T02:13:29","guid":{"rendered":"http:\/\/www.zonaroja.com.mx\/?p=27848"},"modified":"2021-05-28T21:13:34","modified_gmt":"2021-05-29T02:13:34","slug":"denuncian-que-martinez-neri-presuntamente-respalda-despojo-de-predio","status":"publish","type":"post","link":"https:\/\/zonaroja.com.mx\/?p=27848","title":{"rendered":"Denuncian que Mart\u00ednez Neri presuntamente respalda despojo de predio"},"content":{"rendered":"\n<p>Yuridiana Sosa\/Zona Roja.<\/p>\n\n\n\n<p>Oaxaca de Ju\u00e1rez, Oax., 28 de mayo de 2021.- A 10 d\u00edas de la contienda electoral, una familia denunci\u00f3 que el candidato a la presidencia municipal de Oaxaca de Ju\u00e1rez, Francisco Mart\u00ednez Neri, de Morena, invadi\u00f3 en complicidad con autoridades auxiliares de Villa de Etla y la organizaci\u00f3n FALP, dos hect\u00e1reas de propiedad particular, caso que fue denunciado penalmente.<\/p>\n\n\n\n<p>En conferencia de prensa este viernes, el afectado Carlos Orozco Quiroz se\u00f1al\u00f3 que Mart\u00ednez Neri no es honesto como se presenta en la contienda electoral en busca de gobernar la capital del estado, por lo que decidieron hacer el caso p\u00fablico a pesar que desde el 2018 se encuentra en proceso legal.<\/p>\n\n\n\n<p>El denunciante indic\u00f3 que en enero de 2018 se present\u00f3 la denuncia penal correspondiente por despojo y abuso de autoridad por instalar un gimnasio p\u00fablico al aire libre en dos hect\u00e1reas de propiedad privada en Santo Domingo Barrio Bajo del municipio de Villa de Etla.<\/p>\n\n\n\n<p>En ese entonces, Francisco Mart\u00ednez era diputado federal por el distrito VIII, con cabecera en Oaxaca de Ju\u00e1rez, quien presuntamente con la ayuda de la organizaci\u00f3n Frente Amplio de Lucha Popular (FALP) que dirige Gervacio Garc\u00eda Mart\u00ednez y la agente municipal, Rosalba P\u00e9rez, el servidor p\u00fablico logr\u00f3 invadir y despojar al due\u00f1o de su patrimonio.<\/p>\n\n\n\n<p>Orozco Quiroz manifest\u00f3 que el ex diputado se deslind\u00f3 de la invasi\u00f3n, pues dijo que \u00e9l s\u00f3lo hab\u00eda gestionado el recurso, pero se comprometi\u00f3 en ese entonces que hablar\u00eda con el FALP y la autoridad municipal para desocupar el \u00e1rea.<\/p>\n\n\n\n<p>La familia afectada dijo que se han presentado las pruebas necesarias que demuestran ser los propietarios leg\u00edtimos del predio.<\/p>\n\n\n\n<p>Para los afectados, el candidato de Morena es el autor intelectual de los hechos y al contar con antecedentes que lo relacionan a un delito, decidieron exhibir el caso, aseguraron.<\/p>\n","protected":false},"excerpt":{"rendered":"<p>Yuridiana Sosa\/Zona Roja. Oaxaca de Ju\u00e1rez, Oax., 28 de mayo de 2021.- A 10 d\u00edas&hellip;<\/p>\n","protected":false},"author":2,"featured_media":27849,"comment_status":"closed","ping_status":"open","sticky":false,"template":"","format":"standard","meta":{"_lmt_disableupdate":"","_lmt_disable":"","_jetpack_memberships_contains_paid_content":false,"footnotes":""},"categories":[109,47],"tags":[2418],"class_list":["post-27848","post","type-post","status-publish","format-standard","has-post-thumbnail","hentry","category-minuto-a-minuto","category-zona-gris","tag-francisco-martinez-neri"],"jetpack_featured_media_url":"https:\/\/zonaroja.com.mx\/wp-content\/uploads\/2021\/05\/Carlos-Orozco-Quiroz-vs-Neri.jpg","jetpack_sharing_enabled":true,"_links":{"self":[{"href":"https:\/\/zonaroja.com.mx\/index.php?rest_route=\/wp\/v2\/posts\/27848","targetHints":{"allow":["GET"]}}],"collection":[{"href":"https:\/\/zonaroja.com.mx\/index.php?rest_route=\/wp\/v2\/posts"}],"about":[{"href":"https:\/\/zonaroja.com.mx\/index.php?rest_route=\/wp\/v2\/types\/post"}],"author":[{"embeddable":true,"href":"https:\/\/zonaroja.com.mx\/index.php?rest_route=\/wp\/v2\/users\/2"}],"replies":[{"embeddable":true,"href":"https:\/\/zonaroja.com.mx\/index.php?rest_route=%2Fwp%2Fv2%2Fcomments&post=27848"}],"version-history":[{"count":1,"href":"https:\/\/zonaroja.com.mx\/index.php?rest_route=\/wp\/v2\/posts\/27848\/revisions"}],"predecessor-version":[{"id":27850,"href":"https:\/\/zonaroja.com.mx\/index.php?rest_route=\/wp\/v2\/posts\/27848\/revisions\/27850"}],"wp:featuredmedia":[{"embeddable":true,"href":"https:\/\/zonaroja.com.mx\/index.php?rest_route=\/wp\/v2\/media\/27849"}],"wp:attachment":[{"href":"https:\/\/zonaroja.com.mx\/index.php?rest_route=%2Fwp%2Fv2%2Fmedia&parent=27848"}],"wp:term":[{"taxonomy":"category","embeddable":true,"href":"https:\/\/zonaroja.com.mx\/index.php?rest_route=%2Fwp%2Fv2%2Fcategories&post=27848"},{"taxonomy":"post_tag","embeddable":true,"href":"https:\/\/zonaroja.com.mx\/index.php?rest_route=%2Fwp%2Fv2%2Ftags&post=27848"}],"curies":[{"name":"wp","href":"https:\/\/api.w.org\/{rel}","templated":true}]}}