{"id":27851,"date":"2021-05-28T21:54:42","date_gmt":"2021-05-29T02:54:42","guid":{"rendered":"http:\/\/www.zonaroja.com.mx\/?p=27851"},"modified":"2021-05-28T21:54:46","modified_gmt":"2021-05-29T02:54:46","slug":"con-jesus-ruiz-olmedo-servicios-basicos-de-calidad-en-oaxaca-de-juarez","status":"publish","type":"post","link":"https:\/\/zonaroja.com.mx\/?p=27851","title":{"rendered":"Con Jes\u00fas Ruiz Olmedo servicios b\u00e1sicos de calidad en Oaxaca de Ju\u00e1rez"},"content":{"rendered":"\n<p>Redacci\u00f3n\/Zona Roja.<\/p>\n\n\n\n<p>Oaxaca de Ju\u00e1rez, Oaxaca a 27 de mayo de 2021.-&nbsp; El candidato de Fuerza por M\u00e9xico a la presidencia municipal de Oaxaca de Ju\u00e1rez, Jes\u00fas Ruiz Olmedo, se\u00f1al\u00f3 que asume la responsabilidad de&nbsp; brindar servicios b\u00e1sicos&nbsp; de calidad e indic\u00f3 que aunque es un deber constitucional de los municipios, los&nbsp; gobiernos que hemos tenido en la capital han dejado mucho que desear al respecto.<\/p>\n\n\n\n<p>Asever\u00f3 que la autoridad local debe atender de manera eficaz los reclamos sociales, ya que el municipio es el lugar donde la relaci\u00f3n entre el pueblo y el gobierno es cotidiana y permanente, por lo cual su administraci\u00f3n municipal ser\u00e1 sensible ante las problem\u00e1ticas que aquejen a la comunidad y sobre todo actuar\u00e1 para dar soluciones.<\/p>\n\n\n\n<p>El candidato a presidente municipal afirm\u00f3 que su gobierno ser\u00e1 de territorio, no de escritorio, por lo que visitar\u00e1 de manera constante&nbsp; las diferentes agencias municipales y de polic\u00eda s\u00ed como a la cabecera municipal para cerciorarse que se est\u00e9n brindando de buena forma los servicios municipales como el barrido y Recolecci\u00f3n de basura, la atenci\u00f3n y mantenimiento constante a Parques y Jardines.<\/p>\n\n\n\n<p>En cuanto al alumbrado p\u00fablico, se tendr\u00e1n que tomar acciones inmediatas porque seguimos teniendo una ciudad a oscuras y eso propicia el incremento de la inseguridad, a pesar de que se llev\u00f3 a cabo un programa de cambio de luminarias habr\u00eda que revisar qu\u00e9 pas\u00f3 con las luminarias que se cambiaron y estaban en buen estado, manifest\u00f3.<\/p>\n\n\n\n<p>Jes\u00fas Ruiz indic\u00f3 que se trabajar\u00e1 de manera coordinada con las diferentes instancias de Gobierno para de manera conjunta avanzar en los trabajos de rehabilitaci\u00f3n de&nbsp; los panteones General, San Miguel y Anexo para que no exista ning\u00fan riesgo para los visitantes, as\u00ed tambi\u00e9n se mejoraran las condiciones de los diferentes panteones del municipio.<\/p>\n\n\n\n<p>Ruiz Olmedo enfatiz\u00f3 que el gobierno municipal est\u00e1 para servir al pueblo no para servirse de \u00e9l&nbsp; y destac\u00f3 que la gente ya abri\u00f3 los ojos y no se va a dejar enga\u00f1ar por aquellos que siempre han visto al municipio como un bot\u00edn ni por los que decepcionaron terriblemente, por lo que pidi\u00f3 a la ciudadan\u00eda que le den la oportunidad de seguir demostrando con hechos que est\u00e1 actuando para transformar Oaxaca.<\/p>\n","protected":false},"excerpt":{"rendered":"<p>Redacci\u00f3n\/Zona Roja. Oaxaca de Ju\u00e1rez, Oaxaca a 27 de mayo de 2021.-&nbsp; El candidato de&hellip;<\/p>\n","protected":false},"author":2,"featured_media":27852,"comment_status":"closed","ping_status":"open","sticky":false,"template":"","format":"standard","meta":{"_lmt_disableupdate":"","_lmt_disable":"","_jetpack_memberships_contains_paid_content":false,"footnotes":""},"categories":[109,46],"tags":[2654],"class_list":["post-27851","post","type-post","status-publish","format-standard","has-post-thumbnail","hentry","category-minuto-a-minuto","category-zona-blanca","tag-jesus-ruiz-olmedo"],"jetpack_featured_media_url":"https:\/\/zonaroja.com.mx\/wp-content\/uploads\/2021\/05\/Jesus-Ruiz-2.jpg","jetpack_sharing_enabled":true,"_links":{"self":[{"href":"https:\/\/zonaroja.com.mx\/index.php?rest_route=\/wp\/v2\/posts\/27851","targetHints":{"allow":["GET"]}}],"collection":[{"href":"https:\/\/zonaroja.com.mx\/index.php?rest_route=\/wp\/v2\/posts"}],"about":[{"href":"https:\/\/zonaroja.com.mx\/index.php?rest_route=\/wp\/v2\/types\/post"}],"author":[{"embeddable":true,"href":"https:\/\/zonaroja.com.mx\/index.php?rest_route=\/wp\/v2\/users\/2"}],"replies":[{"embeddable":true,"href":"https:\/\/zonaroja.com.mx\/index.php?rest_route=%2Fwp%2Fv2%2Fcomments&post=27851"}],"version-history":[{"count":1,"href":"https:\/\/zonaroja.com.mx\/index.php?rest_route=\/wp\/v2\/posts\/27851\/revisions"}],"predecessor-version":[{"id":27853,"href":"https:\/\/zonaroja.com.mx\/index.php?rest_route=\/wp\/v2\/posts\/27851\/revisions\/27853"}],"wp:featuredmedia":[{"embeddable":true,"href":"https:\/\/zonaroja.com.mx\/index.php?rest_route=\/wp\/v2\/media\/27852"}],"wp:attachment":[{"href":"https:\/\/zonaroja.com.mx\/index.php?rest_route=%2Fwp%2Fv2%2Fmedia&parent=27851"}],"wp:term":[{"taxonomy":"category","embeddable":true,"href":"https:\/\/zonaroja.com.mx\/index.php?rest_route=%2Fwp%2Fv2%2Fcategories&post=27851"},{"taxonomy":"post_tag","embeddable":true,"href":"https:\/\/zonaroja.com.mx\/index.php?rest_route=%2Fwp%2Fv2%2Ftags&post=27851"}],"curies":[{"name":"wp","href":"https:\/\/api.w.org\/{rel}","templated":true}]}}