{"id":27857,"date":"2021-05-28T22:19:37","date_gmt":"2021-05-29T03:19:37","guid":{"rendered":"http:\/\/www.zonaroja.com.mx\/?p=27857"},"modified":"2021-05-28T22:19:42","modified_gmt":"2021-05-29T03:19:42","slug":"pierden-la-vida-dos-jovenes-este-viernes-en-oaxaca-uno-fue-ejecutado","status":"publish","type":"post","link":"https:\/\/zonaroja.com.mx\/?p=27857","title":{"rendered":"Pierden la vida dos j\u00f3venes este viernes en Oaxaca; uno fue ejecutado"},"content":{"rendered":"\n<p>Redacci\u00f3n\/Zona Roja.<\/p>\n\n\n\n<p>Oaxaca de Ju\u00e1rez, Oax., 28 de mayo de 2021.- Dos j\u00f3venes perdieron la vida este viernes en Oaxaca, uno de ellos por atropellamiento y otro por disparo de arma de fuego.<\/p>\n\n\n\n<p>En Loma Bonita, municipio de la regi\u00f3n de la Cuenca del Papaloapan, fue ejecutado un individuo identificado como Fernando Moreno Rom\u00e1n, de 25 a\u00f1os de edad.<\/p>\n\n\n\n<p>Los hechos se registraron en la calle M\u00e9xico de la colonia del mismo nombre de dicha ciudad, en que fue acribillado mientras viajaba a bordo de su motocicleta; hasta ahora se desconoce el m\u00f3vil del crimen al igual que la identidad del o los atacantes.<\/p>\n\n\n\n<p>Mientras que en el transcurso de la ma\u00f1ana de este d\u00eda se confirm\u00f3 el deceso Jonathan Cristhoper P. G., de 25 a\u00f1os de edad, quien fue atropellado cuando viajaba a bordo de su motocicleta, junto con otra persona.<\/p>\n\n\n\n<p>Los hechos sucedieron anoche alrededor de las 22:00 horas, sobre la carretera Internacional 190, Oaxaca-Istmo, a la altura de la gasolinera de Santa Mar\u00eda Ixcotel, en que un veh\u00edculo arroll\u00f3 a los motociclistas.<\/p>\n\n\n\n<p>Tambi\u00e9n result\u00f3 lesionado Jonathan Misael L. G., de 26 a\u00f1os de edad, a quien reportan delicado de salud.<\/p>\n\n\n\n<p>La unidad que los impact\u00f3 es una camioneta marca Toyota, tipo Avanza, con placas de circulaci\u00f3n TMA-6362, que presuntamente era conducida por un menor de edad, de nombre Job Emanuel L. R., quien fue detenido en el lugar; result\u00f3 con lesiones leves y tras ser llevado para atenci\u00f3n m\u00e9dica, fue presentado ante la autoridad ministerial.<\/p>\n","protected":false},"excerpt":{"rendered":"<p>Redacci\u00f3n\/Zona Roja. Oaxaca de Ju\u00e1rez, Oax., 28 de mayo de 2021.- Dos j\u00f3venes perdieron la&hellip;<\/p>\n","protected":false},"author":2,"featured_media":27858,"comment_status":"closed","ping_status":"open","sticky":false,"template":"","format":"standard","meta":{"_lmt_disableupdate":"","_lmt_disable":"","_jetpack_memberships_contains_paid_content":false,"footnotes":""},"categories":[109,51],"tags":[],"class_list":["post-27857","post","type-post","status-publish","format-standard","has-post-thumbnail","hentry","category-minuto-a-minuto","category-zona-roja"],"jetpack_featured_media_url":"https:\/\/zonaroja.com.mx\/wp-content\/uploads\/2021\/05\/Muerto-motociclista-Ixcotel.jpg","jetpack_sharing_enabled":true,"_links":{"self":[{"href":"https:\/\/zonaroja.com.mx\/index.php?rest_route=\/wp\/v2\/posts\/27857","targetHints":{"allow":["GET"]}}],"collection":[{"href":"https:\/\/zonaroja.com.mx\/index.php?rest_route=\/wp\/v2\/posts"}],"about":[{"href":"https:\/\/zonaroja.com.mx\/index.php?rest_route=\/wp\/v2\/types\/post"}],"author":[{"embeddable":true,"href":"https:\/\/zonaroja.com.mx\/index.php?rest_route=\/wp\/v2\/users\/2"}],"replies":[{"embeddable":true,"href":"https:\/\/zonaroja.com.mx\/index.php?rest_route=%2Fwp%2Fv2%2Fcomments&post=27857"}],"version-history":[{"count":1,"href":"https:\/\/zonaroja.com.mx\/index.php?rest_route=\/wp\/v2\/posts\/27857\/revisions"}],"predecessor-version":[{"id":27859,"href":"https:\/\/zonaroja.com.mx\/index.php?rest_route=\/wp\/v2\/posts\/27857\/revisions\/27859"}],"wp:featuredmedia":[{"embeddable":true,"href":"https:\/\/zonaroja.com.mx\/index.php?rest_route=\/wp\/v2\/media\/27858"}],"wp:attachment":[{"href":"https:\/\/zonaroja.com.mx\/index.php?rest_route=%2Fwp%2Fv2%2Fmedia&parent=27857"}],"wp:term":[{"taxonomy":"category","embeddable":true,"href":"https:\/\/zonaroja.com.mx\/index.php?rest_route=%2Fwp%2Fv2%2Fcategories&post=27857"},{"taxonomy":"post_tag","embeddable":true,"href":"https:\/\/zonaroja.com.mx\/index.php?rest_route=%2Fwp%2Fv2%2Ftags&post=27857"}],"curies":[{"name":"wp","href":"https:\/\/api.w.org\/{rel}","templated":true}]}}