{"id":27860,"date":"2021-05-29T07:14:39","date_gmt":"2021-05-29T12:14:39","guid":{"rendered":"http:\/\/www.zonaroja.com.mx\/?p=27860"},"modified":"2021-05-29T07:14:43","modified_gmt":"2021-05-29T12:14:43","slug":"acuerdan-sspo-y-policia-estatal-mejorar-condiciones-de-vida-de-sus-integrantes","status":"publish","type":"post","link":"https:\/\/zonaroja.com.mx\/?p=27860","title":{"rendered":"Acuerdan SSPO y Polic\u00eda Estatal mejorar condiciones de vida de sus integrantes"},"content":{"rendered":"\n<p>Redacci\u00f3n\/Zona Roja.<\/p>\n\n\n\n<p>Oaxaca de Ju\u00e1rez, Oax., 29 de mayo de 2021.- El titular de la Secretar\u00eda de Seguridad P\u00fablica de Oaxaca (SSPO), Heliodoro D\u00edaz Esc\u00e1rraga, alcanz\u00f3 acuerdos con la Polic\u00eda Estatal, para seguir mejorando las condiciones de vida de sus integrantes.<\/p>\n\n\n\n<p>Durante una mesa de trabajo con la comitiva de la Polic\u00eda Estatal, se traz\u00f3 una ruta de trabajo para que juntos procuren el mejoramiento de la calidad de vida y laboral de las y los elementos de seguridad.<\/p>\n\n\n\n<p>Con lo anterior, se da cumplimiento a los compromisos pactados por el Gobernador del Estado, Alejandro Murat Hinojosa, para atender las necesidades de quienes velan por la seguridad de las y los oaxaque\u00f1os; as\u00ed como, cerrar filas para garantizar la seguridad en las ocho regiones del Estado.<\/p>\n\n\n\n<p>Por otra parte, en el marco de la presentaci\u00f3n del libro \u00abYo, el Frontispicio. Historia gr\u00e1fica de un \u00edcono universitario\u00bb, se reconoci\u00f3 la labor y trabajo de egresados de la Universidad Aut\u00f3noma \u201cBenito Ju\u00e1rez\u201d de Oaxaca (UABJO) y de la propia Facultad de Medicina y Cirug\u00eda (FMC).<\/p>\n\n\n\n<p>Durante el acto, el director de la facultad, Luis S\u00e1nchez Navarro, se\u00f1al\u00f3 que la seguridad es un pilar fundamental para que la educaci\u00f3n llegue a las y los estudiantes \u201cGracias a la seguridad hay educaci\u00f3n\u201d, puntualiz\u00f3.<\/p>\n\n\n\n<p>Enfatiz\u00f3 la labor del titular de la Secretar\u00eda de Seguridad P\u00fablica de Oaxaca, Heliodoro D\u00edaz Esc\u00e1rraga, qui\u00e9n adem\u00e1s fue alumno y egres\u00f3 de dicha universidad<\/p>\n\n\n\n<p>Esta obra guarda la memoria hist\u00f3rica de este inmueble que data de inicios del siglo XX.<\/p>\n\n\n\n<p>Cuidando las medidas sanitarias, tambi\u00e9n asisti\u00f3 el Secretario de Turismo, Juan Calos Rivera Castellanos y en representaci\u00f3n del rector Eduardo Bautista, la directora del CEVIE, Virginia Reyes de la Cruz.<\/p>\n","protected":false},"excerpt":{"rendered":"<p>Redacci\u00f3n\/Zona Roja. Oaxaca de Ju\u00e1rez, Oax., 29 de mayo de 2021.- El titular de la&hellip;<\/p>\n","protected":false},"author":2,"featured_media":27861,"comment_status":"closed","ping_status":"open","sticky":false,"template":"","format":"standard","meta":{"_lmt_disableupdate":"","_lmt_disable":"","_jetpack_memberships_contains_paid_content":false,"footnotes":""},"categories":[109,46],"tags":[175],"class_list":["post-27860","post","type-post","status-publish","format-standard","has-post-thumbnail","hentry","category-minuto-a-minuto","category-zona-blanca","tag-secretaria-de-seguridad-publica-de-oaxaca"],"jetpack_featured_media_url":"https:\/\/zonaroja.com.mx\/wp-content\/uploads\/2021\/05\/Acuerdo-SSPO-y-policias.jpg","jetpack_sharing_enabled":true,"_links":{"self":[{"href":"https:\/\/zonaroja.com.mx\/index.php?rest_route=\/wp\/v2\/posts\/27860","targetHints":{"allow":["GET"]}}],"collection":[{"href":"https:\/\/zonaroja.com.mx\/index.php?rest_route=\/wp\/v2\/posts"}],"about":[{"href":"https:\/\/zonaroja.com.mx\/index.php?rest_route=\/wp\/v2\/types\/post"}],"author":[{"embeddable":true,"href":"https:\/\/zonaroja.com.mx\/index.php?rest_route=\/wp\/v2\/users\/2"}],"replies":[{"embeddable":true,"href":"https:\/\/zonaroja.com.mx\/index.php?rest_route=%2Fwp%2Fv2%2Fcomments&post=27860"}],"version-history":[{"count":1,"href":"https:\/\/zonaroja.com.mx\/index.php?rest_route=\/wp\/v2\/posts\/27860\/revisions"}],"predecessor-version":[{"id":27862,"href":"https:\/\/zonaroja.com.mx\/index.php?rest_route=\/wp\/v2\/posts\/27860\/revisions\/27862"}],"wp:featuredmedia":[{"embeddable":true,"href":"https:\/\/zonaroja.com.mx\/index.php?rest_route=\/wp\/v2\/media\/27861"}],"wp:attachment":[{"href":"https:\/\/zonaroja.com.mx\/index.php?rest_route=%2Fwp%2Fv2%2Fmedia&parent=27860"}],"wp:term":[{"taxonomy":"category","embeddable":true,"href":"https:\/\/zonaroja.com.mx\/index.php?rest_route=%2Fwp%2Fv2%2Fcategories&post=27860"},{"taxonomy":"post_tag","embeddable":true,"href":"https:\/\/zonaroja.com.mx\/index.php?rest_route=%2Fwp%2Fv2%2Ftags&post=27860"}],"curies":[{"name":"wp","href":"https:\/\/api.w.org\/{rel}","templated":true}]}}