{"id":27867,"date":"2021-05-29T07:24:34","date_gmt":"2021-05-29T12:24:34","guid":{"rendered":"http:\/\/www.zonaroja.com.mx\/?p=27867"},"modified":"2021-05-29T07:24:40","modified_gmt":"2021-05-29T12:24:40","slug":"regreso-presencial-a-clases-en-oaxaca-sera-en-consenso-con-la-comunidad-educativa","status":"publish","type":"post","link":"https:\/\/zonaroja.com.mx\/?p=27867","title":{"rendered":"Regreso presencial a clases en Oaxaca ser\u00e1 en consenso con la comunidad educativa"},"content":{"rendered":"\n<p>Redacci\u00f3n\/Zona Roja.<\/p>\n\n\n\n<p>Oaxaca de Ju\u00e1rez, Oax. 29 de mayo de 2021.- De acuerdo con lo declarado por el Gobierno Federal, en Oaxaca el regreso presencial a clases en educaci\u00f3n b\u00e1sica ser\u00e1 en consenso con el magisterio, madres, padres de familia, tutores y autoridades municipales de la entidad, esto es, tomando en cuenta a todos los actores educativos y con el consentimiento de la autoridad sanitaria federal y estatal.<\/p>\n\n\n\n<p>Por tal raz\u00f3n, el Instituto Estatal de Educaci\u00f3n P\u00fablica de Oaxaca (IEEPO), informa que se contin\u00faa el di\u00e1logo entre la comunidad educativa para analizar la situaci\u00f3n social y de salud actual en sus localidades, con el apoyo de las autoridades municipales y el sector salud y as\u00ed determinar en com\u00fan acuerdo el momento para el inicio de las actividades presenciales en las escuelas.<\/p>\n\n\n\n<p>Mientras tanto, las clases a distancia seguir\u00e1n en el presente ciclo escolar con los contenidos y lecciones programados, teniendo como base los libros de texto gratuitos y como elementos de apoyo los programas de televisi\u00f3n, radio e internet, como el programa \u201cAprende en Casa\u201d que se transmite a trav\u00e9s de los canales 9.1 y 9.2 de la Corporaci\u00f3n Oaxaque\u00f1a de Radio y Televisi\u00f3n (Cortv) y la serie radiof\u00f3nica \u201cAprendiendo desde mi comunidad\u201d.<\/p>\n\n\n\n<p>As\u00ed, cuando exista el acuerdo con los colectivos escolares se retornar\u00e1 a las actividades en las aulas, como lo ha planteado el Gobierno Federal mediante un esquema voluntario, gradual, escalonado, mixto y cauteloso; siguiendo los protocolos sanitarios correspondientes, privilegiando en todo momento, la salud de alumnos, padres de familia y trabajadores de la educaci\u00f3n.<\/p>\n\n\n\n<p>En este tema, el gobierno de Oaxaca mantiene una fluida, correcta y permanente comunicaci\u00f3n con el magisterio, as\u00ed como con la Federaci\u00f3n, en un marco de respeto, apertura y colaboraci\u00f3n mutua privilegiando la salud y la vida de escolares, personal educativo y sus familias.<\/p>\n","protected":false},"excerpt":{"rendered":"<p>Redacci\u00f3n\/Zona Roja. Oaxaca de Ju\u00e1rez, Oax. 29 de mayo de 2021.- De acuerdo con lo&hellip;<\/p>\n","protected":false},"author":2,"featured_media":9909,"comment_status":"closed","ping_status":"open","sticky":false,"template":"","format":"standard","meta":{"_lmt_disableupdate":"","_lmt_disable":"","_jetpack_memberships_contains_paid_content":false,"footnotes":""},"categories":[109,46],"tags":[599],"class_list":["post-27867","post","type-post","status-publish","format-standard","has-post-thumbnail","hentry","category-minuto-a-minuto","category-zona-blanca","tag-instituto-estatal-de-educacion-publica-de-oaxaca"],"jetpack_featured_media_url":"https:\/\/zonaroja.com.mx\/wp-content\/uploads\/2020\/03\/Sal\u00f3n-de-clases-vac\u00edo.jpg","jetpack_sharing_enabled":true,"_links":{"self":[{"href":"https:\/\/zonaroja.com.mx\/index.php?rest_route=\/wp\/v2\/posts\/27867","targetHints":{"allow":["GET"]}}],"collection":[{"href":"https:\/\/zonaroja.com.mx\/index.php?rest_route=\/wp\/v2\/posts"}],"about":[{"href":"https:\/\/zonaroja.com.mx\/index.php?rest_route=\/wp\/v2\/types\/post"}],"author":[{"embeddable":true,"href":"https:\/\/zonaroja.com.mx\/index.php?rest_route=\/wp\/v2\/users\/2"}],"replies":[{"embeddable":true,"href":"https:\/\/zonaroja.com.mx\/index.php?rest_route=%2Fwp%2Fv2%2Fcomments&post=27867"}],"version-history":[{"count":1,"href":"https:\/\/zonaroja.com.mx\/index.php?rest_route=\/wp\/v2\/posts\/27867\/revisions"}],"predecessor-version":[{"id":27868,"href":"https:\/\/zonaroja.com.mx\/index.php?rest_route=\/wp\/v2\/posts\/27867\/revisions\/27868"}],"wp:featuredmedia":[{"embeddable":true,"href":"https:\/\/zonaroja.com.mx\/index.php?rest_route=\/wp\/v2\/media\/9909"}],"wp:attachment":[{"href":"https:\/\/zonaroja.com.mx\/index.php?rest_route=%2Fwp%2Fv2%2Fmedia&parent=27867"}],"wp:term":[{"taxonomy":"category","embeddable":true,"href":"https:\/\/zonaroja.com.mx\/index.php?rest_route=%2Fwp%2Fv2%2Fcategories&post=27867"},{"taxonomy":"post_tag","embeddable":true,"href":"https:\/\/zonaroja.com.mx\/index.php?rest_route=%2Fwp%2Fv2%2Ftags&post=27867"}],"curies":[{"name":"wp","href":"https:\/\/api.w.org\/{rel}","templated":true}]}}