{"id":27869,"date":"2021-05-29T07:43:01","date_gmt":"2021-05-29T12:43:01","guid":{"rendered":"http:\/\/www.zonaroja.com.mx\/?p=27869"},"modified":"2021-05-29T07:43:06","modified_gmt":"2021-05-29T12:43:06","slug":"defensoras-de-mujeres-celebran-suspension-de-magistrados-designados-por-gobernador","status":"publish","type":"post","link":"https:\/\/zonaroja.com.mx\/?p=27869","title":{"rendered":"Defensoras de mujeres celebran suspensi\u00f3n de magistrados designados por gobernador"},"content":{"rendered":"\n<p>Yuridiana Sosa\/Zona Roja.<\/p>\n\n\n\n<p>Oaxaca de Ju\u00e1rez, Oax., 29 de mayo de 2021.- Organizaciones civiles, sociales y defensoras de los derechos de las mujeres, celebraron la resoluci\u00f3n del Juzgado XI de Distrito para la suspensi\u00f3n provisional de los dos nombramientos de magistrados que realiz\u00f3 el Poder Ejecutivo, sin considerar la paridad de g\u00e9nero.<\/p>\n\n\n\n<p>Las luchadoras sociales exigieron que se garantice la paridad en el Tribunal Superior de Justicia del Estado de Oaxaca para la designaci\u00f3n de magistraturas, debido a que es notoria las diferencias actuales con la existencia de 21 magistrados varones y s\u00f3lo siete mujeres.<\/p>\n\n\n\n<p>Por lo que tambi\u00e9n demandan estrategias necesarias para acelerar el logro y la igualdad sustantiva, para no postergar el derecho de las mujeres a la participaci\u00f3n paritaria en \u00f3rganos aut\u00f3nomos.<\/p>\n\n\n\n<p>El Juzgado XI de Distrito admiti\u00f3 la demanda de amparo promovida por Ericka Mar\u00eda Rodr\u00edguez Rodr\u00edguez el pasado 20 de mayo, aspirantes a la magistratura de Oaxaca, por lo que dej\u00f3 sin efecto temporalmente el nombramiento para Mois\u00e9s Molina Reyes y Abraham Soriano Reyes como magistrados.<\/p>\n\n\n\n<p>Las designaciones las realiz\u00f3 el gobernador Alejandro Murat Hinojosa ante el vencimiento del plazo para que la 64 Legislatura del Congreso del Estado las realizara, como lo faculta prioritariamente la ley.<\/p>\n\n\n\n<p>\u201cNecesitamos m\u00e1s mujeres en la administraci\u00f3n de justicia que hagan realidad el acceso a la justicia de las mujeres desde un enfoque de g\u00e9nero\u201d, manifestaron los diferentes colectivos por medio de una carta p\u00fablica.<\/p>\n\n\n\n<p>Se\u00f1alaron que la Constituci\u00f3n estatal no ha sido actualizada y armonizada por las y los legisladores respecto al art\u00edculo 41 de la Constituci\u00f3n Mexicana, que obliga a reformar en materia de paridad de g\u00e9nero en el Poder Judicial.<\/p>\n\n\n\n<p>En julio de 2018, el Comit\u00e9 para la Eliminaci\u00f3n y Discriminaci\u00f3n contra la Mujer realiz\u00f3 observaciones y recomendaciones al Estado mexicano ante la escasa aplicaci\u00f3n de medidas especiales para acelerar el logro de la igualdad de la igualdad sustantiva entre mujeres y hombres en todos los \u00e1mbitos, puntualizaron.<\/p>\n\n\n\n<p>En el documento p\u00fablico advirtieron que se mantendr\u00e1n atentas y vigilantes del actuar jurisdiccional de los Tribunales Federales, mientras que mantienen la confianza en que sean garantes de los principios constitucionales como lo son principio pro-persona y la paridad de g\u00e9nero.<\/p>\n\n\n\n<p>Entre otros, firman el posicionamiento Ixmucabe a. C., Colectivo por la Ciudadan\u00eda de las Mujeres, C\u00edrculo de Mujeres Mixtecas, Centro de Creaci\u00f3n Alternativa para el Fortalecimiento Comunitario, Asociaci\u00f3n de Mujeres de la Costa, Colectiva Ciudad y G\u00e9nero, adem\u00e1s de diversas mujeres representativas del estado.<\/p>\n","protected":false},"excerpt":{"rendered":"<p>Yuridiana Sosa\/Zona Roja. Oaxaca de Ju\u00e1rez, Oax., 29 de mayo de 2021.- Organizaciones civiles, sociales&hellip;<\/p>\n","protected":false},"author":2,"featured_media":27870,"comment_status":"closed","ping_status":"open","sticky":false,"template":"","format":"standard","meta":{"_lmt_disableupdate":"","_lmt_disable":"","_jetpack_memberships_contains_paid_content":false,"footnotes":""},"categories":[109,46],"tags":[223],"class_list":["post-27869","post","type-post","status-publish","format-standard","has-post-thumbnail","hentry","category-minuto-a-minuto","category-zona-blanca","tag-poder-judicial-de-oaxaca"],"jetpack_featured_media_url":"https:\/\/zonaroja.com.mx\/wp-content\/uploads\/2021\/05\/Posicionamiento-colectivos-magistrados-Poder-Judicial.jpg","jetpack_sharing_enabled":true,"_links":{"self":[{"href":"https:\/\/zonaroja.com.mx\/index.php?rest_route=\/wp\/v2\/posts\/27869","targetHints":{"allow":["GET"]}}],"collection":[{"href":"https:\/\/zonaroja.com.mx\/index.php?rest_route=\/wp\/v2\/posts"}],"about":[{"href":"https:\/\/zonaroja.com.mx\/index.php?rest_route=\/wp\/v2\/types\/post"}],"author":[{"embeddable":true,"href":"https:\/\/zonaroja.com.mx\/index.php?rest_route=\/wp\/v2\/users\/2"}],"replies":[{"embeddable":true,"href":"https:\/\/zonaroja.com.mx\/index.php?rest_route=%2Fwp%2Fv2%2Fcomments&post=27869"}],"version-history":[{"count":1,"href":"https:\/\/zonaroja.com.mx\/index.php?rest_route=\/wp\/v2\/posts\/27869\/revisions"}],"predecessor-version":[{"id":27871,"href":"https:\/\/zonaroja.com.mx\/index.php?rest_route=\/wp\/v2\/posts\/27869\/revisions\/27871"}],"wp:featuredmedia":[{"embeddable":true,"href":"https:\/\/zonaroja.com.mx\/index.php?rest_route=\/wp\/v2\/media\/27870"}],"wp:attachment":[{"href":"https:\/\/zonaroja.com.mx\/index.php?rest_route=%2Fwp%2Fv2%2Fmedia&parent=27869"}],"wp:term":[{"taxonomy":"category","embeddable":true,"href":"https:\/\/zonaroja.com.mx\/index.php?rest_route=%2Fwp%2Fv2%2Fcategories&post=27869"},{"taxonomy":"post_tag","embeddable":true,"href":"https:\/\/zonaroja.com.mx\/index.php?rest_route=%2Fwp%2Fv2%2Ftags&post=27869"}],"curies":[{"name":"wp","href":"https:\/\/api.w.org\/{rel}","templated":true}]}}