{"id":27872,"date":"2021-05-29T07:55:08","date_gmt":"2021-05-29T12:55:08","guid":{"rendered":"http:\/\/www.zonaroja.com.mx\/?p=27872"},"modified":"2021-05-29T07:55:12","modified_gmt":"2021-05-29T12:55:12","slug":"se-suma-el-taxismo-capitalino-para-contribuir-al-triunfo-de-javier-villacana","status":"publish","type":"post","link":"https:\/\/zonaroja.com.mx\/?p=27872","title":{"rendered":"Se suma el taxismo capitalino para contribuir al triunfo de Javier Villaca\u00f1a"},"content":{"rendered":"\n<p>Redacci\u00f3n\/Zona Roja.<\/p>\n\n\n\n<p>Oaxaca de Ju\u00e1rez, Oax., 29 de mayo de 2021.- Trabajadores del volante y dirigentes de tres gremios de taxistas de la capital del estado anunciaron su apoyo a la candidatura del pr\u00f3ximo presidente municipal de Oaxaca de Ju\u00e1rez, Javier Villaca\u00f1a Jim\u00e9nez, para que encabece un gobierno que rescate del abandono a la Verde Antequera y recupere con acciones inmediatas el esplendor que la convirti\u00f3 en Patrimonio Mundial de la Humanidad.<\/p>\n\n\n\n<p>Unidos en una sola voz, los cientos de conductores asumieron el compromiso de difundir entre los usuarios de este servicio, familiares y amigos las propuestas que Javier Villaca\u00f1a tiene para construir una ciudad segura, limpia, ordenada, funcional y con igualdad de oportunidades.<\/p>\n\n\n\n<p>En la sede de la Uni\u00f3n de Camioneros y Transportistas del Estado de Oaxaca, en voz de sus l\u00edderes, los trabajadores del volante mostraron su confianza en el candidato com\u00fan del PAN, PRI y PRD a Presidente Municipal porque es la \u00fanica opci\u00f3n que cuenta con propuestas que responden a las demandas de cada sector de la poblaci\u00f3n.<\/p>\n\n\n\n<p>\u201cNuestro gremio recibe con mucho agrado el compromiso del candidato por mejorar la situaci\u00f3n econ\u00f3mica de las familias que viven de este oficio, consideramos que fortalecer la vocaci\u00f3n tur\u00edstica de la ciudad de Oaxaca es una de las acciones que demandamos para hacer frente al da\u00f1o causado por la pandemia a este sector\u201d, coincidieron por separados los l\u00edderes del taxismo.<\/p>\n\n\n\n<p>\u201cVenimos a refrendar nuestro respaldo. El taxismo est\u00e1 contigo Javier y se manifestar\u00e1 con votos a tu favor el 6 de junio. Esta es la primera reuni\u00f3n y tendremos otras contigo, pero ya como autoridad municipal en beneficio del gremio\u201d, asever\u00f3 el presidente de Trasportistas Agremiados de la Ciudad de Oaxaca (TACOE), Ricardo Villanueva Saturno.<\/p>\n\n\n\n<p>En respuesta, Javier Villaca\u00f1a Jim\u00e9nez, pr\u00f3ximo presidente municipal de Oaxaca de Ju\u00e1rez refrend\u00f3 su compromiso con este sector para atender sus necesidades, las cuales, dijo, resolver\u00e1 a trav\u00e9s de su propuesta de ampliar la oferta de productos y servicios tur\u00edsticos, el embellecimiento de la ciudad y mejoras a las vialidades, entre otras acciones.<\/p>\n\n\n\n<p>\u201cHay palabra y queremos que todo el gremio, que quiero tanto, nos ayude al gran reto de rescatar a Oaxaca de Ju\u00e1rez, para que nuestras familias caminen seguras y se construya la ciudad que tanto anhelamos\u201d, puntualiz\u00f3 acompa\u00f1ado de la candidata a diputada local, Laura Vign\u00f3n Carre\u00f1o e integrantes de la planilla.<\/p>\n\n\n\n<figure class=\"wp-block-embed-twitter wp-block-embed is-type-rich is-provider-twitter\"><div class=\"wp-block-embed__wrapper\">\n<div class=\"twitter-tweet\"><blockquote class=\"twitter-tweet\" data-lang=\"es\"><p lang=\"es\" dir=\"ltr\">Hay mucho por hacer y juntos haremos que las cosas buenas vuelvan a <a href=\"https:\/\/twitter.com\/hashtag\/OaxacaDeJu%C3%A1rez?src=hash&amp;ref_src=twsrc%5Etfw\">#OaxacaDeJu\u00e1rez<\/a>; hoy, refrendamos ante el gremio de taxistas de la capital oaxaque\u00f1a, nuestro compromiso de trabajar en equipo en favor de m\u00e1s y mejores oportunidades para el sector. <a href=\"https:\/\/twitter.com\/hashtag\/JuntosLoHaremosDeNuevo?src=hash&amp;ref_src=twsrc%5Etfw\">#JuntosLoHaremosDeNuevo<\/a> <a href=\"https:\/\/t.co\/g6E6Vx1bkl\">pic.twitter.com\/g6E6Vx1bkl<\/a><\/p>&mdash; Javier Villaca\u00f1a (@JavierVillacana) <a href=\"https:\/\/twitter.com\/JavierVillacana\/status\/1398477355983720451?ref_src=twsrc%5Etfw\">29 de mayo de 2021<\/a><\/blockquote><\/div>\n<\/div><\/figure>\n\n\n\n<p>El candidato del PRI, PAN y PRD a la presidencia municipal agradeci\u00f3 las muestras de apoyo de cada uno de los integrantes de las tres organizaciones, reconociendo su labor como una las m\u00e1s importantes de la ciudadan\u00eda, al tiempo que se\u00f1al\u00f3 que no concibe que un gobierno no se siente, los escuche y resuelva sus inquietudes.<\/p>\n\n\n\n<p>En este evento de respaldo estuvieron taxistas de la Uni\u00f3n de Organizaciones de Taxis del Estado de Oaxaca (UOTEO) y de la Central de Agrupaciones de Taxistas de la Capital del Estado de Oaxaca (CATCEO).<\/p>\n\n\n\n<p>CROC TAMBI\u00c9N RESPALDA<\/p>\n\n\n\n<p>Por otra parte, un auditorio abarrotado de cientos de agremiados de la Confederaci\u00f3n Revolucionaria de Obreros y Campesinos (CROC) de San Mart\u00edn Mexicapan, se sumaron al contundente triunfo del 6 de junio de Javier Villaca\u00f1a Jim\u00e9nez, para regresar a Oaxaca de Ju\u00e1rez su color, grandeza, prosperidad y auge.<\/p>\n\n\n\n<p>Con el cari\u00f1o de hombres y mujeres de promoci\u00f3n del voto de esa zona de la capital, el candidato de la alianza \u00abVa por Oaxaca\u00bb destac\u00f3 que cada paso, cada acci\u00f3n realizada hasta el d\u00eda de la elecci\u00f3n, ser\u00e1 para consolidar la victoria que se traducir\u00e1 en un gobierno municipal de resultados, obras y atenci\u00f3n a toda la ciudadan\u00eda.<\/p>\n\n\n\n<p>\u00abQue nadie se quede en casa el 6 de junio. Todas y todos hay que salir a depositar nuestro voto, porque nos estamos jugando el futuro de nuestra familia, el futuro de nuestra ciudad\u00bb, enfatiz\u00f3 con firmeza y se\u00f1al\u00f3 que de ganar siempre pondr\u00e1 el coraz\u00f3n hasta consagrar el bienestar de la capital.<\/p>\n\n\n\n<p>Junto al Secretario General de la CROC, Ulises Bravo Cruz y la candidata a diputada local, Laura Vign\u00f3n Carre\u00f1o; el candidato a la presidencia municipal precis\u00f3 que al encabezar la administraci\u00f3n municipal, responder\u00e1 al voto desde el 1 de enero, regresando programas sociales, as\u00ed como la atenci\u00f3n y soluciones a las colonias.<\/p>\n\n\n\n<p>\u00abAy\u00fadennos a hacer realidad este proyecto que busca que regresen las cosas buenas a las 13 agencias, que nos permita alcanzar los objetivos de mejores alternativas de progreso\u00bb, concluy\u00f3 su mensaje acompa\u00f1ado de integrantes de la plantilla.<\/p>\n\n\n\n<p>En tanto, Ulises Bravo Cruz dijo que van con un candidato que ser\u00e1 el presidente municipal que har\u00e1 crecer y avanzar la ciudad, recordando que Villaca\u00f1a Jim\u00e9nez tiene el compromiso de fortalecer a las agencias y fraccionamientos donde viven integrantes de la CROC.<\/p>\n","protected":false},"excerpt":{"rendered":"<p>Redacci\u00f3n\/Zona Roja. Oaxaca de Ju\u00e1rez, Oax., 29 de mayo de 2021.- Trabajadores del volante y&hellip;<\/p>\n","protected":false},"author":2,"featured_media":27873,"comment_status":"closed","ping_status":"open","sticky":false,"template":"","format":"standard","meta":{"_lmt_disableupdate":"","_lmt_disable":"","_jetpack_memberships_contains_paid_content":false,"footnotes":""},"categories":[109,46],"tags":[2456],"class_list":["post-27872","post","type-post","status-publish","format-standard","has-post-thumbnail","hentry","category-minuto-a-minuto","category-zona-blanca","tag-javier-villacana-jimenez"],"jetpack_featured_media_url":"https:\/\/zonaroja.com.mx\/wp-content\/uploads\/2021\/05\/28-mayo-taxismo.jpeg","jetpack_sharing_enabled":true,"_links":{"self":[{"href":"https:\/\/zonaroja.com.mx\/index.php?rest_route=\/wp\/v2\/posts\/27872","targetHints":{"allow":["GET"]}}],"collection":[{"href":"https:\/\/zonaroja.com.mx\/index.php?rest_route=\/wp\/v2\/posts"}],"about":[{"href":"https:\/\/zonaroja.com.mx\/index.php?rest_route=\/wp\/v2\/types\/post"}],"author":[{"embeddable":true,"href":"https:\/\/zonaroja.com.mx\/index.php?rest_route=\/wp\/v2\/users\/2"}],"replies":[{"embeddable":true,"href":"https:\/\/zonaroja.com.mx\/index.php?rest_route=%2Fwp%2Fv2%2Fcomments&post=27872"}],"version-history":[{"count":1,"href":"https:\/\/zonaroja.com.mx\/index.php?rest_route=\/wp\/v2\/posts\/27872\/revisions"}],"predecessor-version":[{"id":27874,"href":"https:\/\/zonaroja.com.mx\/index.php?rest_route=\/wp\/v2\/posts\/27872\/revisions\/27874"}],"wp:featuredmedia":[{"embeddable":true,"href":"https:\/\/zonaroja.com.mx\/index.php?rest_route=\/wp\/v2\/media\/27873"}],"wp:attachment":[{"href":"https:\/\/zonaroja.com.mx\/index.php?rest_route=%2Fwp%2Fv2%2Fmedia&parent=27872"}],"wp:term":[{"taxonomy":"category","embeddable":true,"href":"https:\/\/zonaroja.com.mx\/index.php?rest_route=%2Fwp%2Fv2%2Fcategories&post=27872"},{"taxonomy":"post_tag","embeddable":true,"href":"https:\/\/zonaroja.com.mx\/index.php?rest_route=%2Fwp%2Fv2%2Ftags&post=27872"}],"curies":[{"name":"wp","href":"https:\/\/api.w.org\/{rel}","templated":true}]}}