{"id":27878,"date":"2021-05-29T12:48:59","date_gmt":"2021-05-29T17:48:59","guid":{"rendered":"http:\/\/www.zonaroja.com.mx\/?p=27878"},"modified":"2021-05-29T12:49:01","modified_gmt":"2021-05-29T17:49:01","slug":"irrita-feminicidio-en-la-mixteca-multi-dice-que-no-solapara-delito","status":"publish","type":"post","link":"https:\/\/zonaroja.com.mx\/?p=27878","title":{"rendered":"Irrita feminicidio en la Mixteca; MULTI dice que no solapar\u00e1 delito"},"content":{"rendered":"\n<p>Evlin Arag\u00f3n\/Zona Roja.<\/p>\n\n\n\n<p>Oaxaca de Ju\u00e1rez, Oax., 29 de mayo de 2021.- Integrantes del Movimiento de Unificaci\u00f3n y lucha Triqui Independiente (MULTI) aseguraron que no ser\u00e1n c\u00f3mplices de actos delictivos e injusticia y por tanto no obstaculizar\u00e1n las investigaciones que realicen las autoridades oaxaque\u00f1as con respecto al feminicidio de Gudelia Bautista Ram\u00edrez, registrado en Ojo de Agua, Copala.<\/p>\n\n\n\n<p>\u201cEl MULTI no solapar\u00e1, proteger\u00e1, avalar\u00e1 ni mucho menos ser\u00e1 c\u00f3mplice de actos delictivo e injusticia, por lo que no se obstaculizar\u00e1 de ninguna manera el debido proceso de la investigaci\u00f3n para que, sean las instituciones competentes quienes resuelvan y definan la responsabilidad de quien o quienes resulten responsables, con total apego a derecho\u201d, citan en un comunicado.<\/p>\n\n\n\n<p>De ah\u00ed que externaron su total disposici\u00f3n de brindar la cooperaci\u00f3n necesaria a las autoridades, cuando as\u00ed lo requieran, con la intenci\u00f3n de que el proceso de justicia avance.<\/p>\n\n\n\n<p>Explicaron que fue el pasado 25 de mayo, que se suscit\u00f3 un lamentable hecho dentro del seno de una familia, derivado del cual Gudelia Bautista Ram\u00edrez muri\u00f3 a causa de un proyectil de arma de fuego.<\/p>\n\n\n\n<p>Por lo anterior acudieron al lugar elementos del Ministerio P\u00fablico, Agencia Estatal de Investigaciones, la Fiscal\u00eda General del Estado de Oaxaca y cuerpos de seguridad estatal, con la finalidad de practicar la autopsia de ley, adem\u00e1s de abrir las l\u00edneas de investigaci\u00f3n con el fin de fincar responsabilidades en contra de quien o quienes resulten responsables.&nbsp;<\/p>\n\n\n\n<p>Ah\u00ed mismo estuvieron presentes familiares de quien, en vida, fuera integrante del MULTI.&nbsp;<\/p>\n\n\n\n<p>\u201cTenemos claro que la impartici\u00f3n imparcial de justicia es uno de los puntos clave que, nos encaminar\u00e1n hacia la construcci\u00f3n de la paz tan anhelada en nuestra regi\u00f3n, por lo que ninguna organizaci\u00f3n, persona o grupo se encuentra por encima de la ley\u201d, manifestaron.&nbsp;<\/p>\n\n\n\n<p>Invitaron de manera respetuosa a actores pol\u00edticos de la regi\u00f3n, a que no se lucre, condicione, se aproveche, ni se politice el dolor de la familia Bautista Ram\u00edrez, quienes merecen justicia y vivir en paz.&nbsp;<\/p>\n\n\n\n<p>Gudelia es una de las m\u00e1s recientes v\u00edctimas de la violencia de g\u00e9nero y feminicida en Oaxaca, ella fue asesinada por su esposo el pasado martes 25 de mayo, d\u00eda en el que adem\u00e1s se conmemora la no violencia hacia las mujeres, como parte del denominado \u201cD\u00eda Naranja\u201d.&nbsp;&nbsp;<\/p>\n","protected":false},"excerpt":{"rendered":"<p>Evlin Arag\u00f3n\/Zona Roja. Oaxaca de Ju\u00e1rez, Oax., 29 de mayo de 2021.- Integrantes del Movimiento&hellip;<\/p>\n","protected":false},"author":2,"featured_media":15752,"comment_status":"closed","ping_status":"open","sticky":false,"template":"","format":"standard","meta":{"_lmt_disableupdate":"","_lmt_disable":"","_jetpack_memberships_contains_paid_content":false,"footnotes":""},"categories":[109,47],"tags":[610],"class_list":["post-27878","post","type-post","status-publish","format-standard","has-post-thumbnail","hentry","category-minuto-a-minuto","category-zona-gris","tag-feminicidios-oaxaca"],"jetpack_featured_media_url":"https:\/\/zonaroja.com.mx\/wp-content\/uploads\/2020\/08\/Feminicidios-Oaxaca-3.jpg","jetpack_sharing_enabled":true,"_links":{"self":[{"href":"https:\/\/zonaroja.com.mx\/index.php?rest_route=\/wp\/v2\/posts\/27878","targetHints":{"allow":["GET"]}}],"collection":[{"href":"https:\/\/zonaroja.com.mx\/index.php?rest_route=\/wp\/v2\/posts"}],"about":[{"href":"https:\/\/zonaroja.com.mx\/index.php?rest_route=\/wp\/v2\/types\/post"}],"author":[{"embeddable":true,"href":"https:\/\/zonaroja.com.mx\/index.php?rest_route=\/wp\/v2\/users\/2"}],"replies":[{"embeddable":true,"href":"https:\/\/zonaroja.com.mx\/index.php?rest_route=%2Fwp%2Fv2%2Fcomments&post=27878"}],"version-history":[{"count":1,"href":"https:\/\/zonaroja.com.mx\/index.php?rest_route=\/wp\/v2\/posts\/27878\/revisions"}],"predecessor-version":[{"id":27879,"href":"https:\/\/zonaroja.com.mx\/index.php?rest_route=\/wp\/v2\/posts\/27878\/revisions\/27879"}],"wp:featuredmedia":[{"embeddable":true,"href":"https:\/\/zonaroja.com.mx\/index.php?rest_route=\/wp\/v2\/media\/15752"}],"wp:attachment":[{"href":"https:\/\/zonaroja.com.mx\/index.php?rest_route=%2Fwp%2Fv2%2Fmedia&parent=27878"}],"wp:term":[{"taxonomy":"category","embeddable":true,"href":"https:\/\/zonaroja.com.mx\/index.php?rest_route=%2Fwp%2Fv2%2Fcategories&post=27878"},{"taxonomy":"post_tag","embeddable":true,"href":"https:\/\/zonaroja.com.mx\/index.php?rest_route=%2Fwp%2Fv2%2Ftags&post=27878"}],"curies":[{"name":"wp","href":"https:\/\/api.w.org\/{rel}","templated":true}]}}