{"id":2788,"date":"2019-08-03T09:13:44","date_gmt":"2019-08-03T14:13:44","guid":{"rendered":"http:\/\/www.zonaroja.com.mx\/?p=2788"},"modified":"2019-08-03T09:13:47","modified_gmt":"2019-08-03T14:13:47","slug":"asesinan-a-balazos-a-empresario-en-valles-centrales-de-oaxaca","status":"publish","type":"post","link":"https:\/\/zonaroja.com.mx\/?p=2788","title":{"rendered":"Asesinan a balazos a empresario en Valles Centrales de Oaxaca"},"content":{"rendered":"\n<p>Redacci\u00f3n\/Zona\nRoja.<\/p>\n\n\n\n<p>Oaxaca de Ju\u00e1rez, Oax., 3 de agosto de 2019.- El cuerpo de un empresario de Tlacolula de Matamoros, con al menos cuatro impactos de arma de fuego, fue hallado la madrugada de este viernes en un tramo de la carretera federal 190, Oaxaca-Istmo, en inmediaciones de ese municipio de la regi\u00f3n Valles Centrales.<\/p>\n\n\n\n<p>De acuerdo con fuentes de la Agencia Estatal de Investigaciones (AEI), se trata de Jorge Aguilar S., hijo del empresario del ramo de la gasoliner\u00eda y la ferreter\u00eda, H\u00e9ctor Aguilar, quien se presume fue ultimado desde la noche del viernes.<\/p>\n\n\n\n<p>Personal\npoliciaco y de la AEI hallaron la unidad de motor aproximadamente en el kil\u00f3metro\n28 de dicha vialidad, frente al fraccionamiento \u201cDainz\u00fa\u201d, cerca de Tlacolula y\ndetr\u00e1s de una estaci\u00f3n de servicio.<\/p>\n\n\n\n<p>Tras los\nperitajes correspondientes, familiares reconocieron a la v\u00edctima y reclamaron\nel cuerpo, para el funeral correspondiente; exigen a la Fiscal\u00eda General del\nEstado indagar a la brevedad este crimen y castigar a el o los responsables.<\/p>\n","protected":false},"excerpt":{"rendered":"<p>Redacci\u00f3n\/Zona Roja. Oaxaca de Ju\u00e1rez, Oax., 3 de agosto de 2019.- El cuerpo de un&hellip;<\/p>\n","protected":false},"author":2,"featured_media":1917,"comment_status":"closed","ping_status":"open","sticky":false,"template":"","format":"standard","meta":{"_lmt_disableupdate":"","_lmt_disable":"","_jetpack_memberships_contains_paid_content":false,"footnotes":""},"categories":[109,51],"tags":[464],"class_list":["post-2788","post","type-post","status-publish","format-standard","has-post-thumbnail","hentry","category-minuto-a-minuto","category-zona-roja","tag-asesinan-a-empresario-de-tlacolula-oaxaca"],"jetpack_featured_media_url":"https:\/\/zonaroja.com.mx\/wp-content\/uploads\/2019\/06\/violencia-1.jpg","jetpack_sharing_enabled":true,"_links":{"self":[{"href":"https:\/\/zonaroja.com.mx\/index.php?rest_route=\/wp\/v2\/posts\/2788","targetHints":{"allow":["GET"]}}],"collection":[{"href":"https:\/\/zonaroja.com.mx\/index.php?rest_route=\/wp\/v2\/posts"}],"about":[{"href":"https:\/\/zonaroja.com.mx\/index.php?rest_route=\/wp\/v2\/types\/post"}],"author":[{"embeddable":true,"href":"https:\/\/zonaroja.com.mx\/index.php?rest_route=\/wp\/v2\/users\/2"}],"replies":[{"embeddable":true,"href":"https:\/\/zonaroja.com.mx\/index.php?rest_route=%2Fwp%2Fv2%2Fcomments&post=2788"}],"version-history":[{"count":1,"href":"https:\/\/zonaroja.com.mx\/index.php?rest_route=\/wp\/v2\/posts\/2788\/revisions"}],"predecessor-version":[{"id":2789,"href":"https:\/\/zonaroja.com.mx\/index.php?rest_route=\/wp\/v2\/posts\/2788\/revisions\/2789"}],"wp:featuredmedia":[{"embeddable":true,"href":"https:\/\/zonaroja.com.mx\/index.php?rest_route=\/wp\/v2\/media\/1917"}],"wp:attachment":[{"href":"https:\/\/zonaroja.com.mx\/index.php?rest_route=%2Fwp%2Fv2%2Fmedia&parent=2788"}],"wp:term":[{"taxonomy":"category","embeddable":true,"href":"https:\/\/zonaroja.com.mx\/index.php?rest_route=%2Fwp%2Fv2%2Fcategories&post=2788"},{"taxonomy":"post_tag","embeddable":true,"href":"https:\/\/zonaroja.com.mx\/index.php?rest_route=%2Fwp%2Fv2%2Ftags&post=2788"}],"curies":[{"name":"wp","href":"https:\/\/api.w.org\/{rel}","templated":true}]}}