{"id":27880,"date":"2021-05-29T18:28:27","date_gmt":"2021-05-29T23:28:27","guid":{"rendered":"http:\/\/www.zonaroja.com.mx\/?p=27880"},"modified":"2021-05-29T18:28:32","modified_gmt":"2021-05-29T23:28:32","slug":"respaldan-miles-a-martinez-neri-con-calena-se-une-confederacion-libertad","status":"publish","type":"post","link":"https:\/\/zonaroja.com.mx\/?p=27880","title":{"rendered":"Respaldan miles a Mart\u00ednez Neri; con calena, se une Confederaci\u00f3n Libertad"},"content":{"rendered":"\n<p>Redacci\u00f3n\/Zona Roja.<\/p>\n\n\n\n<p>Oaxaca de Ju\u00e1rez, Oax., 29 de mayo de 2021.-&nbsp; Hombres y mujeres que saldr\u00e1n a votar este 6 de Junio, abarrotaron este viernes el Andador Tur\u00edstico de la ciudad de Oaxaca, para respaldar a Francisco Mart\u00ednez Neri, candidato a la presidencia municipal por el Partido Movimiento de Regeneraci\u00f3n Nacional (Morena).<\/p>\n\n\n\n<p>Entre porras, aplausos y muestras de afecto, se llev\u00f3 a cabo una gran calenda tradicional&nbsp; por las principales calles del Centro Hist\u00f3rico de la ciudad, demostrando que&nbsp; la 4T&nbsp;&nbsp; sigue a la cabeza en las elecciones.<\/p>\n\n\n\n<p>\u00a1Presidente!, \u00a1presidente!, Oaxaca de Ju\u00e1rez ya tiene presidente municipal!, gritaban los asistentes a este concurrido evento.<\/p>\n\n\n\n<p>Las muestras de afecto se hicieron presentes. A una sola voz el grito era Francisco Mart\u00ednez Neri, t\u00fa eres ya nuestro presidente municipal.<\/p>\n\n\n\n<p>\u201cNeri las mujeres de Oaxaca te respaldan\u201d, gritaba colectivos de mujeres que se suman al proyecto del ex Rector de la M\u00e1xima Casa de Estudios de los oaxaque\u00f1os, la UABJO.<\/p>\n\n\n\n<p>Acompa\u00f1ado de integrantes de su planilla, candidatos y candidatas a diputados, as\u00ed como l\u00edderes morenistas y otras personalidades, que se dieron cita en este sitio, el candidato agradeci\u00f3 las muestras de solidaridad, apoyo y respaldo de la ciudadan\u00eda.<\/p>\n\n\n\n<figure class=\"wp-block-embed-twitter wp-block-embed is-type-rich is-provider-twitter\"><div class=\"wp-block-embed__wrapper\">\n<div class=\"twitter-tweet\"><blockquote class=\"twitter-tweet\" data-lang=\"es\"><p lang=\"es\" dir=\"ltr\"><a href=\"https:\/\/twitter.com\/hashtag\/%C3%9AltimoMinuto?src=hash&amp;ref_src=twsrc%5Etfw\">#\u00daltimoMinuto<\/a> <br>As\u00ed expres\u00f3 <a href=\"https:\/\/twitter.com\/DiazPantoja?ref_src=twsrc%5Etfw\">@DiazPantoja<\/a>, dirigente de <a href=\"https:\/\/twitter.com\/CLTMOAXACA?ref_src=twsrc%5Etfw\">@CLTMOAXACA<\/a>, su apoyo a <a href=\"https:\/\/twitter.com\/FMartinezNeri?ref_src=twsrc%5Etfw\">@FMartinezNeri<\/a>, durante una calenda efectuada hoy del Mercado de Abasto al Centro Hist\u00f3rico de la ciudad de Oaxaca. <a href=\"https:\/\/t.co\/AyaQDdQQJc\">pic.twitter.com\/AyaQDdQQJc<\/a><\/p>&mdash; Zona Roja Oaxaca (@Zona_Roja_Oax) <a href=\"https:\/\/twitter.com\/Zona_Roja_Oax\/status\/1398416824237236224?ref_src=twsrc%5Etfw\">28 de mayo de 2021<\/a><\/blockquote><\/div>\n<\/div><\/figure>\n\n\n\n<p>Agradeci\u00f3 al comit\u00e9 del Mercado de Abasto, de la capital oaxaque\u00f1a, organizador de la gran calenda.<\/p>\n\n\n\n<p>\u201cEsto apenas es una probadita. Nuestro pueblo sabe c\u00f3mo divertirse, caminar con confianza, bailar, festejar. Esto va a llegar el 6 de junio\u201d, manifest\u00f3.<\/p>\n\n\n\n<p>Indic\u00f3 que el pr\u00f3ximo 6 de junio, a partir de las seis de la tarde, saldr\u00e1n a las calles para para festejar el triunfo de Morena. \u201cLe vamos a dar una alegr\u00eda al pueblo; la alegr\u00eda del triunfo\u201d, se\u00f1al\u00f3.<\/p>\n\n\n\n<p>El candidato remarc\u00f3 que su gobierno ser\u00e1 honrado, lo que siempre ha querido el pueblo: un gobierno eficaz que sepa hacer las cosas, as\u00ed como un gobierno que tenga vocaci\u00f3n&nbsp; de servicio.<\/p>\n\n\n\n<p>Francisco Mart\u00ednez Neri subray\u00f3 que sus compa\u00f1eros y compa\u00f1eras concejales&nbsp; van a trabajar con honradez, apoyados de los diputados locales y federales que ganar\u00e1n en las elecciones.<\/p>\n\n\n\n<p>Indic\u00f3 que el apoyo no lo pueden tener los de enfrente, quienes tienen dinero y recursos para comprar credenciales; sin embargo, \u00e9l tiene el amor, el amor del pueblo.<\/p>\n\n\n\n<p>Adelant\u00f3 que Morena va a ganar el congreso estatal y el congreso federal y adem\u00e1s hay un presidente de la Rep\u00fablica Andr\u00e9s Manuel L\u00f3pez Obrador que es del partido del cambio.<\/p>\n\n\n\n<figure class=\"wp-block-embed-twitter wp-block-embed is-type-rich is-provider-twitter\"><div class=\"wp-block-embed__wrapper\">\n<div class=\"twitter-tweet\"><blockquote class=\"twitter-tweet\" data-lang=\"es\"><p lang=\"es\" dir=\"ltr\"><a href=\"https:\/\/twitter.com\/hashtag\/%C3%9AltimoMinuto?src=hash&amp;ref_src=twsrc%5Etfw\">#\u00daltimoMinuto<\/a> <br>Con una magna calenda desde la Central de Abasto, la Confederaci\u00f3n Libertad de Trabajadores de M\u00e9xico (CLTM) expresa esta tarde su respaldo a <a href=\"https:\/\/twitter.com\/FMartinezNeri?ref_src=twsrc%5Etfw\">@FMartinezNeri<\/a>, candidato de Morena a presidente municipal de Oaxaca de Ju\u00e1rez. <a href=\"https:\/\/t.co\/iBHvgKjJX9\">pic.twitter.com\/iBHvgKjJX9<\/a><\/p>&mdash; Zona Roja Oaxaca (@Zona_Roja_Oax) <a href=\"https:\/\/twitter.com\/Zona_Roja_Oax\/status\/1398394271317778436?ref_src=twsrc%5Etfw\">28 de mayo de 2021<\/a><\/blockquote><\/div>\n<\/div><\/figure>\n\n\n\n<p>Record\u00f3 que un d\u00eda, estando con el Presidente de la Rep\u00fablica, Andr\u00e9s Manuel L\u00f3pez Obrador, en el palacio de gobierno, le dijo que jam\u00e1s imagino que tendr\u00eda un presidente de izquierda, a lo que le contest\u00f3 que muchos le han dicho lo mismo tambi\u00e9n.<\/p>\n\n\n\n<p>Se\u00f1al\u00f3 que el dinosaurio est\u00e1 derrotado y se le va volver a derrotar en las pr\u00f3ximas elecciones y, como prueba es que en el 2022 habr\u00e1 un gobernador o gobernadora del partido de Morena.<\/p>\n\n\n\n<p>\u00abEstamos listos para continuar el proyecto de nuestro presidente, estamos listos para derrotar d\u00e9cadas de corrupci\u00f3n, estamos listos para llevar a cabo un proyecto digno para el municipio de Oaxaca de Ju\u00e1rez. Vamos con todo y vamos con los oaxaque\u00f1os. Salgamos a darle el voto masivo a Morena\u00bb, finaliz\u00f3.<\/p>\n","protected":false},"excerpt":{"rendered":"<p>Redacci\u00f3n\/Zona Roja. Oaxaca de Ju\u00e1rez, Oax., 29 de mayo de 2021.-&nbsp; Hombres y mujeres que&hellip;<\/p>\n","protected":false},"author":2,"featured_media":27881,"comment_status":"closed","ping_status":"open","sticky":false,"template":"","format":"standard","meta":{"_lmt_disableupdate":"","_lmt_disable":"","_jetpack_memberships_contains_paid_content":false,"footnotes":""},"categories":[109,46],"tags":[2418],"class_list":["post-27880","post","type-post","status-publish","format-standard","has-post-thumbnail","hentry","category-minuto-a-minuto","category-zona-blanca","tag-francisco-martinez-neri"],"jetpack_featured_media_url":"https:\/\/zonaroja.com.mx\/wp-content\/uploads\/2021\/05\/Francisco-Martinez-Neri.jpg","jetpack_sharing_enabled":true,"_links":{"self":[{"href":"https:\/\/zonaroja.com.mx\/index.php?rest_route=\/wp\/v2\/posts\/27880","targetHints":{"allow":["GET"]}}],"collection":[{"href":"https:\/\/zonaroja.com.mx\/index.php?rest_route=\/wp\/v2\/posts"}],"about":[{"href":"https:\/\/zonaroja.com.mx\/index.php?rest_route=\/wp\/v2\/types\/post"}],"author":[{"embeddable":true,"href":"https:\/\/zonaroja.com.mx\/index.php?rest_route=\/wp\/v2\/users\/2"}],"replies":[{"embeddable":true,"href":"https:\/\/zonaroja.com.mx\/index.php?rest_route=%2Fwp%2Fv2%2Fcomments&post=27880"}],"version-history":[{"count":1,"href":"https:\/\/zonaroja.com.mx\/index.php?rest_route=\/wp\/v2\/posts\/27880\/revisions"}],"predecessor-version":[{"id":27882,"href":"https:\/\/zonaroja.com.mx\/index.php?rest_route=\/wp\/v2\/posts\/27880\/revisions\/27882"}],"wp:featuredmedia":[{"embeddable":true,"href":"https:\/\/zonaroja.com.mx\/index.php?rest_route=\/wp\/v2\/media\/27881"}],"wp:attachment":[{"href":"https:\/\/zonaroja.com.mx\/index.php?rest_route=%2Fwp%2Fv2%2Fmedia&parent=27880"}],"wp:term":[{"taxonomy":"category","embeddable":true,"href":"https:\/\/zonaroja.com.mx\/index.php?rest_route=%2Fwp%2Fv2%2Fcategories&post=27880"},{"taxonomy":"post_tag","embeddable":true,"href":"https:\/\/zonaroja.com.mx\/index.php?rest_route=%2Fwp%2Fv2%2Ftags&post=27880"}],"curies":[{"name":"wp","href":"https:\/\/api.w.org\/{rel}","templated":true}]}}