{"id":27885,"date":"2021-05-29T19:20:41","date_gmt":"2021-05-30T00:20:41","guid":{"rendered":"http:\/\/www.zonaroja.com.mx\/?p=27885"},"modified":"2021-05-29T19:20:52","modified_gmt":"2021-05-30T00:20:52","slug":"traje-alebrije-de-miss-universo-esta-de-gira-inicio-en-tuxtepec-despues-oaxaca-y-cdmx","status":"publish","type":"post","link":"https:\/\/zonaroja.com.mx\/?p=27885","title":{"rendered":"Traje alebrije de Miss Universo est\u00e1 de gira; inici\u00f3 en Tuxtepec, despu\u00e9s Oaxaca y Cdmx"},"content":{"rendered":"\n<p>Yuridiana Sosa\/Zona Roja.<\/p>\n\n\n\n<p>Oaxaca de Ju\u00e1rez, Oax., 29 de mayo de 2021.- El dise\u00f1ador oaxaque\u00f1o Avelino Roque Osorio, comenz\u00f3 una gira para exhibir el vestuario del alebrije que port\u00f3 la Miss Universo mexicana, Andrea Meza.<\/p>\n\n\n\n<p>El oriundo de Tuxtepec, en la regi\u00f3n Cuenca de Oaxaca, arranc\u00f3 con la exposici\u00f3n del traje en su tierra natal, para despu\u00e9s realizarla en la capital del estado y posteriormente en la Ciudad de M\u00e9xico, de acuerdo con lo previsto, aunque a\u00fan no existe fecha.<\/p>\n\n\n\n<p>Roque Osorio llev\u00f3 a cabo la exhibici\u00f3n del alebrije bajo protocolos especiales en un sal\u00f3n de eventos sociales en Tuxtepec, y aunque la entrada era libre a todo el p\u00fablico, se pidi\u00f3 una cooperaci\u00f3n voluntaria para cubrir algunos gastos de traslado especial de la prenda que pesa cerca de 40 kilos.<\/p>\n\n\n\n<p>Mientras que para este s\u00e1bado organiz\u00f3 una pasarela p\u00fablica en el andador semipeatonal de la avenida Independencia, del centro de ese municipio al norte de Oaxaca y que m\u00e1s ciudadanos conozcan el traje que est\u00e1 en los reflectores internacionales.<\/p>\n\n\n\n<p>Avelino Roque tambi\u00e9n crear\u00e1 el vestuario del patinador art\u00edstico de hielo Donovan Carrillo, para su participaci\u00f3n en los Juegos Ol\u00edmpicos de Invierno 2022 en China.<\/p>\n\n\n\n<p>&nbsp;\u201cDonovan Carrillo el mejor patinador art\u00edstico de hielo de M\u00e9xico, me invit\u00f3 a ser el dise\u00f1ador del vestuario que portar\u00e1 en los Juegos Ol\u00edmpicos de Invierno\u201d anunci\u00f3 Avelino Roque esta semana.<\/p>\n","protected":false},"excerpt":{"rendered":"<p>Yuridiana Sosa\/Zona Roja. Oaxaca de Ju\u00e1rez, Oax., 29 de mayo de 2021.- El dise\u00f1ador oaxaque\u00f1o&hellip;<\/p>\n","protected":false},"author":2,"featured_media":27886,"comment_status":"closed","ping_status":"open","sticky":false,"template":"","format":"standard","meta":{"_lmt_disableupdate":"","_lmt_disable":"","_jetpack_memberships_contains_paid_content":false,"footnotes":""},"categories":[109,46],"tags":[2717],"class_list":["post-27885","post","type-post","status-publish","format-standard","has-post-thumbnail","hentry","category-minuto-a-minuto","category-zona-blanca","tag-avelino-roque-osorio"],"jetpack_featured_media_url":"https:\/\/zonaroja.com.mx\/wp-content\/uploads\/2021\/05\/Avelino-Roque-Osorio.jpg","jetpack_sharing_enabled":true,"_links":{"self":[{"href":"https:\/\/zonaroja.com.mx\/index.php?rest_route=\/wp\/v2\/posts\/27885","targetHints":{"allow":["GET"]}}],"collection":[{"href":"https:\/\/zonaroja.com.mx\/index.php?rest_route=\/wp\/v2\/posts"}],"about":[{"href":"https:\/\/zonaroja.com.mx\/index.php?rest_route=\/wp\/v2\/types\/post"}],"author":[{"embeddable":true,"href":"https:\/\/zonaroja.com.mx\/index.php?rest_route=\/wp\/v2\/users\/2"}],"replies":[{"embeddable":true,"href":"https:\/\/zonaroja.com.mx\/index.php?rest_route=%2Fwp%2Fv2%2Fcomments&post=27885"}],"version-history":[{"count":1,"href":"https:\/\/zonaroja.com.mx\/index.php?rest_route=\/wp\/v2\/posts\/27885\/revisions"}],"predecessor-version":[{"id":27887,"href":"https:\/\/zonaroja.com.mx\/index.php?rest_route=\/wp\/v2\/posts\/27885\/revisions\/27887"}],"wp:featuredmedia":[{"embeddable":true,"href":"https:\/\/zonaroja.com.mx\/index.php?rest_route=\/wp\/v2\/media\/27886"}],"wp:attachment":[{"href":"https:\/\/zonaroja.com.mx\/index.php?rest_route=%2Fwp%2Fv2%2Fmedia&parent=27885"}],"wp:term":[{"taxonomy":"category","embeddable":true,"href":"https:\/\/zonaroja.com.mx\/index.php?rest_route=%2Fwp%2Fv2%2Fcategories&post=27885"},{"taxonomy":"post_tag","embeddable":true,"href":"https:\/\/zonaroja.com.mx\/index.php?rest_route=%2Fwp%2Fv2%2Ftags&post=27885"}],"curies":[{"name":"wp","href":"https:\/\/api.w.org\/{rel}","templated":true}]}}