{"id":27888,"date":"2021-05-29T19:22:46","date_gmt":"2021-05-30T00:22:46","guid":{"rendered":"http:\/\/www.zonaroja.com.mx\/?p=27888"},"modified":"2021-05-29T19:22:53","modified_gmt":"2021-05-30T00:22:53","slug":"trabajo-y-civilidad-definiran-la-contienda-del-6-de-junio-cesar-gonzalez-alderete","status":"publish","type":"post","link":"https:\/\/zonaroja.com.mx\/?p=27888","title":{"rendered":"Trabajo y civilidad definir\u00e1n la contienda del 6 de junio: C\u00e9sar Gonz\u00e1lez Alderete"},"content":{"rendered":"\n<p>Redacci\u00f3n\/Zona Roja.<\/p>\n\n\n\n<p>Oaxaca de Ju\u00e1rez, Oax., 29 de mayo de 2021.- El candidato de la coalici\u00f3n \u201cVa por Oaxaca\u201d, C\u00e9sar Gonz\u00e1lez Alderete, hizo un llamado a no caer en provocaciones e intimidaciones de personas que no son oriundas de la regi\u00f3n, y&nbsp; que, una vez que sus candidatos se ven disminuidos, vienen patrocinados y con el firme prop\u00f3sito de desestabilizar el proceso electoral.&nbsp;<\/p>\n\n\n\n<p>\u00abUna elecci\u00f3n es el derecho de elegir un mejor futuro para todos. Y jugando limpio vamos a ganar\u00bb, afirm\u00f3.<\/p>\n\n\n\n<p>En sus encuentros con la gente, el candidato al 25 distrito local, hizo un llamado a la civilidad para el pr\u00f3ximo el 6 de junio.<\/p>\n\n\n\n<p>\u00abMe siento entusiasmado porque en el PAN, PRI y PRD en el distrito 25, se encuentra la mejor militancia, pero adem\u00e1s la mejor estructura electoral. Vamos a trabajar juntos por el desarrollo de la costa y la sierra sur. Vamos a ganar de una manera limpia y contundente.<\/p>\n\n\n\n<p>\u201cHemos caminado casa por casa, colonia por colonia, agencia por agencia y municipio por municipio, pero necesitamos cerrar el proceso electoral en paz y generar un ambiente seguro para quienes van a elegir el futuro de nuestro distrito\u00bb, expres\u00f3.<\/p>\n\n\n\n<p>\u00abVoy a demostrarles que cuando un huatulque\u00f1o gana, ganamos todos. Que si su servidor llega al Congreso local llegamos todos los huatulque\u00f1os\u00bb concluy\u00f3.<\/p>\n","protected":false},"excerpt":{"rendered":"<p>Redacci\u00f3n\/Zona Roja. Oaxaca de Ju\u00e1rez, Oax., 29 de mayo de 2021.- El candidato de la&hellip;<\/p>\n","protected":false},"author":2,"featured_media":27884,"comment_status":"closed","ping_status":"open","sticky":false,"template":"","format":"standard","meta":{"_lmt_disableupdate":"","_lmt_disable":"","_jetpack_memberships_contains_paid_content":false,"footnotes":""},"categories":[109,46],"tags":[2716],"class_list":["post-27888","post","type-post","status-publish","format-standard","has-post-thumbnail","hentry","category-minuto-a-minuto","category-zona-blanca","tag-cesar-gonzalez-alderete"],"jetpack_featured_media_url":"https:\/\/zonaroja.com.mx\/wp-content\/uploads\/2021\/05\/Cesar-Gonzalez-Alderete.jpg","jetpack_sharing_enabled":true,"_links":{"self":[{"href":"https:\/\/zonaroja.com.mx\/index.php?rest_route=\/wp\/v2\/posts\/27888","targetHints":{"allow":["GET"]}}],"collection":[{"href":"https:\/\/zonaroja.com.mx\/index.php?rest_route=\/wp\/v2\/posts"}],"about":[{"href":"https:\/\/zonaroja.com.mx\/index.php?rest_route=\/wp\/v2\/types\/post"}],"author":[{"embeddable":true,"href":"https:\/\/zonaroja.com.mx\/index.php?rest_route=\/wp\/v2\/users\/2"}],"replies":[{"embeddable":true,"href":"https:\/\/zonaroja.com.mx\/index.php?rest_route=%2Fwp%2Fv2%2Fcomments&post=27888"}],"version-history":[{"count":1,"href":"https:\/\/zonaroja.com.mx\/index.php?rest_route=\/wp\/v2\/posts\/27888\/revisions"}],"predecessor-version":[{"id":27889,"href":"https:\/\/zonaroja.com.mx\/index.php?rest_route=\/wp\/v2\/posts\/27888\/revisions\/27889"}],"wp:featuredmedia":[{"embeddable":true,"href":"https:\/\/zonaroja.com.mx\/index.php?rest_route=\/wp\/v2\/media\/27884"}],"wp:attachment":[{"href":"https:\/\/zonaroja.com.mx\/index.php?rest_route=%2Fwp%2Fv2%2Fmedia&parent=27888"}],"wp:term":[{"taxonomy":"category","embeddable":true,"href":"https:\/\/zonaroja.com.mx\/index.php?rest_route=%2Fwp%2Fv2%2Fcategories&post=27888"},{"taxonomy":"post_tag","embeddable":true,"href":"https:\/\/zonaroja.com.mx\/index.php?rest_route=%2Fwp%2Fv2%2Ftags&post=27888"}],"curies":[{"name":"wp","href":"https:\/\/api.w.org\/{rel}","templated":true}]}}