{"id":27890,"date":"2021-05-29T19:45:54","date_gmt":"2021-05-30T00:45:54","guid":{"rendered":"http:\/\/www.zonaroja.com.mx\/?p=27890"},"modified":"2021-05-29T19:45:58","modified_gmt":"2021-05-30T00:45:58","slug":"ejecutan-a-balazos-a-un-profesor-de-la-seccion-22-en-la-mixteca-oaxaquena","status":"publish","type":"post","link":"https:\/\/zonaroja.com.mx\/?p=27890","title":{"rendered":"Ejecutan a balazos a un profesor de la Secci\u00f3n 22, en la Mixteca oaxaque\u00f1a"},"content":{"rendered":"\n<p>Redacci\u00f3n\/Zona Roja.<\/p>\n\n\n\n<p>Oaxaca de Ju\u00e1rez, Oax., 29 de mayo de 2021.- Sujetos desconocidos ejecutaron a balazos a un profesor afiliado a la Secci\u00f3n 22 del Sindicato Nacional de Trabajadores de la Educaci\u00f3n (SNTE), en la regi\u00f3n Mixteca de Oaxaca.<\/p>\n\n\n\n<p>Poco despu\u00e9s del mediod\u00eda , fue ultimado el docente identificado como Santiago B. C., en el interior de un taxi del sitio \u201cFundaci\u00f3n 2002\u201d, cuando transitaba en el paraje \u201cBajo la Pe\u00f1a\u201d, del municipio de San Juan Mixtepec.<\/p>\n\n\n\n<p>Se trata de la unidad de alquiler marca Nissan, tipo Tsuru, color blanco, con placas de circulaci\u00f3n TLX-53-13 del estado de Oaxaca. A simple vista, el hoy occiso presentaba disparos de arma de fuego en distintas partes del cuerpo, entre ellos la cabeza.<\/p>\n\n\n\n<p>Seg\u00fan los primeros datos de la Vicefiscal\u00eda Regional de la Mixteca, el hombre ten\u00eda aproximadamente 28 a\u00f1os de edad y se desempe\u00f1aba como profesor en un plantel de primaria del barrio San Pedro de San Juan Mixtepec.<\/p>\n","protected":false},"excerpt":{"rendered":"<p>Redacci\u00f3n\/Zona Roja. Oaxaca de Ju\u00e1rez, Oax., 29 de mayo de 2021.- Sujetos desconocidos ejecutaron a&hellip;<\/p>\n","protected":false},"author":2,"featured_media":27891,"comment_status":"closed","ping_status":"open","sticky":false,"template":"","format":"standard","meta":{"_lmt_disableupdate":"","_lmt_disable":"","_jetpack_memberships_contains_paid_content":false,"footnotes":""},"categories":[109,51],"tags":[1768],"class_list":["post-27890","post","type-post","status-publish","format-standard","has-post-thumbnail","hentry","category-minuto-a-minuto","category-zona-roja","tag-san-juan-mixtepec"],"jetpack_featured_media_url":"https:\/\/zonaroja.com.mx\/wp-content\/uploads\/2021\/05\/Ejecutado-profesor-Mixteca.jpg","jetpack_sharing_enabled":true,"_links":{"self":[{"href":"https:\/\/zonaroja.com.mx\/index.php?rest_route=\/wp\/v2\/posts\/27890","targetHints":{"allow":["GET"]}}],"collection":[{"href":"https:\/\/zonaroja.com.mx\/index.php?rest_route=\/wp\/v2\/posts"}],"about":[{"href":"https:\/\/zonaroja.com.mx\/index.php?rest_route=\/wp\/v2\/types\/post"}],"author":[{"embeddable":true,"href":"https:\/\/zonaroja.com.mx\/index.php?rest_route=\/wp\/v2\/users\/2"}],"replies":[{"embeddable":true,"href":"https:\/\/zonaroja.com.mx\/index.php?rest_route=%2Fwp%2Fv2%2Fcomments&post=27890"}],"version-history":[{"count":1,"href":"https:\/\/zonaroja.com.mx\/index.php?rest_route=\/wp\/v2\/posts\/27890\/revisions"}],"predecessor-version":[{"id":27892,"href":"https:\/\/zonaroja.com.mx\/index.php?rest_route=\/wp\/v2\/posts\/27890\/revisions\/27892"}],"wp:featuredmedia":[{"embeddable":true,"href":"https:\/\/zonaroja.com.mx\/index.php?rest_route=\/wp\/v2\/media\/27891"}],"wp:attachment":[{"href":"https:\/\/zonaroja.com.mx\/index.php?rest_route=%2Fwp%2Fv2%2Fmedia&parent=27890"}],"wp:term":[{"taxonomy":"category","embeddable":true,"href":"https:\/\/zonaroja.com.mx\/index.php?rest_route=%2Fwp%2Fv2%2Fcategories&post=27890"},{"taxonomy":"post_tag","embeddable":true,"href":"https:\/\/zonaroja.com.mx\/index.php?rest_route=%2Fwp%2Fv2%2Ftags&post=27890"}],"curies":[{"name":"wp","href":"https:\/\/api.w.org\/{rel}","templated":true}]}}