{"id":27896,"date":"2021-05-29T21:33:35","date_gmt":"2021-05-30T02:33:35","guid":{"rendered":"http:\/\/www.zonaroja.com.mx\/?p=27896"},"modified":"2021-05-29T21:33:40","modified_gmt":"2021-05-30T02:33:40","slug":"podrian-retomar-cargos-magistrados-designados-por-gobernador-de-oaxaca","status":"publish","type":"post","link":"https:\/\/zonaroja.com.mx\/?p=27896","title":{"rendered":"Podr\u00edan retomar cargos magistrados designados por gobernador de Oaxaca"},"content":{"rendered":"\n<p>Redacci\u00f3n\/Zona Roja.<\/p>\n\n\n\n<p>Oaxaca de Ju\u00e1rez, Oax., 29 de mayo de 2021.- Debido a que ante el Juez de Distrito s\u00f3lo fue impugnada la designaci\u00f3n de los dos magistrados que hizo el gobernador Alejandro Murat Hinojosa y no la paridad de g\u00e9nero, Abraham Soriano Reyes y Mois\u00e9s Molina Reyes podr\u00edan reasumir sus cargos el Poder Judicial de Oaxaca.<\/p>\n\n\n\n<p>Como se inform\u00f3, al renunciar el Poder Legislativo a su facultad de elegir a los dos magistrados o magistradas mediante sesi\u00f3n ordinaria, de una terna enviada por el Ejecutivo, el gobernador asumi\u00f3 la responsabilidad constitucional.<\/p>\n\n\n\n<p>Por ello, opt\u00f3 por nombrar magistrados a Abraham Soriano y Mois\u00e9s Molina, tras lo cual asumieron el cargo e incluso ya hab\u00edan participado en sesiones correspondientes.<\/p>\n\n\n\n<p>Sin embargo, al menos dos aspirantes que se consideraron afectadas, una de ellas \u00c9rika Rodr\u00edguez, presuntamente con el respaldo del magistrado Alfredo Lagunas Rivera, interpusieron un amparo, por lo cual un juez de Distrito otorg\u00f3 las suspensiones respectivas.<\/p>\n\n\n\n<p>No obstante, la Consejer\u00eda Jur\u00eddica del Gobierno del Estado present\u00f3 un recurso de inconformidad, al argumentaron que los actos revisten el car\u00e1cter de actos consumados y deviene improcedente conceder la suspensi\u00f3n.<\/p>\n\n\n\n<p>Es decir, Soriano Reyes y Molina Reyes, ya hab\u00edan entrado en funciones en sus magistraturas, ya que, ambos sesionaron en sus salas respectivas y en colegiado conjuntamente con sus hom\u00f3logos magistrados, juzgando y sentenciando conforme lo obligan leyes en la materia.<\/p>\n\n\n\n<p>Luego entonces, \u201cel hecho de que se haya concedido la suspensi\u00f3n bajo tales condiciones, definitivamente lesiona al inter\u00e9s social, contraviniendo disposiciones de orden p\u00fablico\u201d, expone la instituci\u00f3n gubernamental.<\/p>\n\n\n\n<p>Adem\u00e1s, la Consejer\u00eda Jur\u00eddica indica que debe prevalecer el orden p\u00fablico y el inter\u00e9s social, por lo que las vacantes no pueden ser de manera indefinida y en su caso, los ya designados deber\u00edan retomar su cargo.<\/p>\n\n\n\n<p>Asimismo, las que inconformes impugnaron la facultad del gobernador para designar a los nuevos magistrados del Poder Judicial, m\u00e1s no el cumplimiento a la ley de paridad en todo.<\/p>\n\n\n\n<p>El recurso de queja advierte que la labor de los magistrados est\u00e1 dirigida a la sociedad y, por ello, es a esta \u00faltima a la que importa que sus actividades se realicen en t\u00e9rminos de las disposiciones aplicables, por ser una funci\u00f3n propia y de \u00edndole prioritaria.<\/p>\n\n\n\n<p>\u201cPor lo que de ninguna forma puede ser postergada mediante la suspensi\u00f3n de los actos reclamados, toda vez que se privar\u00eda a la colectividad de un beneficio que le otorgan las leyes o se le inferir\u00eda un da\u00f1o que de otra manera no resentir\u00eda.<\/p>\n\n\n\n<p>\u201cAdem\u00e1s, debe decirse que debido a los elementos rese\u00f1ados con antelaci\u00f3n, y la consumaci\u00f3n de los actos respectivos, al haber entrado en funciones los magistrados Abraham Isaac Soriano Reyes y Mois\u00e9s Molina Reyes, y firmar autos, resoluciones y sentencias; suspenderlos del cargo en este momento, implicar\u00eda que esas actuaciones queden sub j\u00fadice a lo que se decida en el fondo del amparo, lo cual, genera perjuicios indirectos en los justiciables, debido a que se provocar\u00eda con la suspensi\u00f3n concedida, que se cuestione la validez de esas actuaciones ya firmadas, mismas que surten plenos efectos jur\u00eddicos y que no son susceptibles de restringirse a trav\u00e9s de la medida cautelar, sino de la constitucionalidad o inconstitucionalidad de los actos\u201d, a\u00f1ade la Consejer\u00eda Jur\u00eddica.<\/p>\n\n\n\n<p>Precisa tambi\u00e9n la ilegalidad del amparo, al ordenar la designaci\u00f3n provisional de dos magistrados, lo cual no est\u00e1 contemplado por las leyes de Oaxaca.<\/p>\n\n\n\n<p>Por ello, la Consejer\u00eda Jur\u00eddica pide decretar la revocaci\u00f3n de la suspensi\u00f3n provisional, debiendo ordenar la reinstalaci\u00f3n de los magistrados Abraham Isaac Soriano Reyes y Mois\u00e9s Molina Reyes en sus funciones que ven\u00edan desempe\u00f1ando en el pleno del Tribunal Superior de Justicia y las consecuencias inherentes.<\/p>\n","protected":false},"excerpt":{"rendered":"<p>Redacci\u00f3n\/Zona Roja. Oaxaca de Ju\u00e1rez, Oax., 29 de mayo de 2021.- Debido a que ante&hellip;<\/p>\n","protected":false},"author":2,"featured_media":14349,"comment_status":"closed","ping_status":"open","sticky":false,"template":"","format":"standard","meta":{"_lmt_disableupdate":"","_lmt_disable":"","_jetpack_memberships_contains_paid_content":false,"footnotes":""},"categories":[109,47],"tags":[223],"class_list":["post-27896","post","type-post","status-publish","format-standard","has-post-thumbnail","hentry","category-minuto-a-minuto","category-zona-gris","tag-poder-judicial-de-oaxaca"],"jetpack_featured_media_url":"https:\/\/zonaroja.com.mx\/wp-content\/uploads\/2020\/06\/Poder-Judicial-Oaxaca.jpg","jetpack_sharing_enabled":true,"_links":{"self":[{"href":"https:\/\/zonaroja.com.mx\/index.php?rest_route=\/wp\/v2\/posts\/27896","targetHints":{"allow":["GET"]}}],"collection":[{"href":"https:\/\/zonaroja.com.mx\/index.php?rest_route=\/wp\/v2\/posts"}],"about":[{"href":"https:\/\/zonaroja.com.mx\/index.php?rest_route=\/wp\/v2\/types\/post"}],"author":[{"embeddable":true,"href":"https:\/\/zonaroja.com.mx\/index.php?rest_route=\/wp\/v2\/users\/2"}],"replies":[{"embeddable":true,"href":"https:\/\/zonaroja.com.mx\/index.php?rest_route=%2Fwp%2Fv2%2Fcomments&post=27896"}],"version-history":[{"count":1,"href":"https:\/\/zonaroja.com.mx\/index.php?rest_route=\/wp\/v2\/posts\/27896\/revisions"}],"predecessor-version":[{"id":27897,"href":"https:\/\/zonaroja.com.mx\/index.php?rest_route=\/wp\/v2\/posts\/27896\/revisions\/27897"}],"wp:featuredmedia":[{"embeddable":true,"href":"https:\/\/zonaroja.com.mx\/index.php?rest_route=\/wp\/v2\/media\/14349"}],"wp:attachment":[{"href":"https:\/\/zonaroja.com.mx\/index.php?rest_route=%2Fwp%2Fv2%2Fmedia&parent=27896"}],"wp:term":[{"taxonomy":"category","embeddable":true,"href":"https:\/\/zonaroja.com.mx\/index.php?rest_route=%2Fwp%2Fv2%2Fcategories&post=27896"},{"taxonomy":"post_tag","embeddable":true,"href":"https:\/\/zonaroja.com.mx\/index.php?rest_route=%2Fwp%2Fv2%2Ftags&post=27896"}],"curies":[{"name":"wp","href":"https:\/\/api.w.org\/{rel}","templated":true}]}}