{"id":27898,"date":"2021-05-29T21:50:48","date_gmt":"2021-05-30T02:50:48","guid":{"rendered":"http:\/\/www.zonaroja.com.mx\/?p=27898"},"modified":"2021-05-29T21:51:00","modified_gmt":"2021-05-30T02:51:00","slug":"empate-tecnico-entre-jesus-ruiz-de-fuerza-por-mexico-y-javier-villacana-de-va-por-oaxaca","status":"publish","type":"post","link":"https:\/\/zonaroja.com.mx\/?p=27898","title":{"rendered":"Empate T\u00e9cnico entre Jes\u00fas Ruiz de Fuerza por M\u00e9xico y Javier Villaca\u00f1a de \u201cVa por Oaxaca\u201d"},"content":{"rendered":"\n<p>Redacci\u00f3n\/Zona Roja.<\/p>\n\n\n\n<p>Oaxaca de Ju\u00e1rez, Oax., 29 de mayo de 2021.-&nbsp; A solo unos d\u00edas de terminar la etapa de campa\u00f1as en este proceso electoral en donde los candidatos muestran a la ciudadan\u00eda sus propuestas en caso de llegar a ser electos, los n\u00fameros de preferencia se han movido de manera inusual, pues algunos candidatos que iniciaron posicion\u00e1ndose como uno de los favoritos, ya sea por su nombre o por el partido que los abandera, hoy ocupan segundas y hasta terceras posiciones.<\/p>\n\n\n\n<p>En la capital oaxaque\u00f1a este proceso ha empezado a aclararse; se perfila ya entre quienes podr\u00edan estar la lucha en las urnas el pr\u00f3ximo 6 de julio, y aunque han circulado encuestas por redes sociales de algunas empresas, la mayor parte de estas han puesto en los primeros lugares&nbsp; solo&nbsp; tres de los nueve candidatos que aspiran a la presidencia municipal, Javier Villaca\u00f1a Jim\u00e9nez de la coalici\u00f3n \u201cVa por Oaxaca\u201d, formada por los partidos PAN-PRI-PRD, Jes\u00fas Ruiz Olmedo de Fuerza por M\u00e9xico, y Francisco Mart\u00ednez Neri de Morena.<\/p>\n\n\n\n<p>Sin embargo, la mayor parte de las empresas encuestadoras han coincidido que a la fecha existe un empate t\u00e9cnico entre Jes\u00fas Ruiz de Fuerza por M\u00e9xico y Javier Villaca\u00f1a de la coalici\u00f3n \u201cVa por Oaxaca\u201d, en la capital oaxaque\u00f1a, esto a escasos 8 d\u00edas del pr\u00f3ximo domingo 6 de junio, lo que deja a Francisco Mart\u00ednez Neri lejos de estar en posibilidades de acceder a la alcald\u00eda capitalina pues en su caso inici\u00f3 la contienda electoral en la primera posici\u00f3n y su proceso ha sido en constante descenso.<\/p>\n\n\n\n<p>De acuerdo con Jos\u00e9 Antonio Crespo, historiador e investigador del CIDE y&nbsp; colaborador de la empresa Parametr\u00eda,&nbsp; aunque se confiaba que algunos candidatos con perfiles acad\u00e9micos o liderazgo carism\u00e1tico fueran lo suficientemente fuertes para que Morena se mantuviera en el poder, la llegada de un partido como Fuerza por M\u00e9xico&nbsp; que congenia mayormente con la filosof\u00eda obradorista incluso m\u00e1s que el mismo partido de Morena, hizo que las personas dejaran de lado la marca y se hicieran seguidoras de quien representa mayormente esta corriente llamada obradorismo, pues en el vox populi es conocido que una cosa es ser Moreno y otra es ser obradorista.<\/p>\n\n\n\n<p>Esto dio como resultado que ahora la batalla final por la capital oaxaque\u00f1a se libre entre la izquierda obradorista de Fuerza por M\u00e9xico con Jes\u00fas Ruiz al frente y la derecha conservadora del priismo, panismo y perredismo encabezado por Javier Villaca\u00f1a este pr\u00f3ximo 6 de junio.<\/p>\n\n\n\n<p>Lo que resulte de este proceso ser\u00e1 un punto decisivo para un estado como Oaxaca en el que un gran porcentaje de sus habitantes ven a Andr\u00e9s Manuel L\u00f3pez Obrador como el mejor l\u00edder moral y pol\u00edtico.<\/p>\n\n\n\n<p>Es necesario recordar que como se dice normalmente \u201cen pol\u00edtica nada est\u00e1 dicho\u201d y aunque Jes\u00fas Ruiz Olmedo lo separan menos de dos puntos de Javier Villaca\u00f1a Jim\u00e9nez, puede dar la sorpresa y rebasarlo unos d\u00edas antes de las elecciones como normalmente ha pasado en otros comicios electorales.<\/p>\n","protected":false},"excerpt":{"rendered":"<p>Redacci\u00f3n\/Zona Roja. Oaxaca de Ju\u00e1rez, Oax., 29 de mayo de 2021.-&nbsp; A solo unos d\u00edas&hellip;<\/p>\n","protected":false},"author":2,"featured_media":27899,"comment_status":"closed","ping_status":"open","sticky":false,"template":"","format":"standard","meta":{"_lmt_disableupdate":"","_lmt_disable":"","_jetpack_memberships_contains_paid_content":false,"footnotes":""},"categories":[109,46],"tags":[2654],"class_list":["post-27898","post","type-post","status-publish","format-standard","has-post-thumbnail","hentry","category-minuto-a-minuto","category-zona-blanca","tag-jesus-ruiz-olmedo"],"jetpack_featured_media_url":"https:\/\/zonaroja.com.mx\/wp-content\/uploads\/2021\/05\/Jesus-Ruiz-Olmedo-9.jpg","jetpack_sharing_enabled":true,"_links":{"self":[{"href":"https:\/\/zonaroja.com.mx\/index.php?rest_route=\/wp\/v2\/posts\/27898","targetHints":{"allow":["GET"]}}],"collection":[{"href":"https:\/\/zonaroja.com.mx\/index.php?rest_route=\/wp\/v2\/posts"}],"about":[{"href":"https:\/\/zonaroja.com.mx\/index.php?rest_route=\/wp\/v2\/types\/post"}],"author":[{"embeddable":true,"href":"https:\/\/zonaroja.com.mx\/index.php?rest_route=\/wp\/v2\/users\/2"}],"replies":[{"embeddable":true,"href":"https:\/\/zonaroja.com.mx\/index.php?rest_route=%2Fwp%2Fv2%2Fcomments&post=27898"}],"version-history":[{"count":1,"href":"https:\/\/zonaroja.com.mx\/index.php?rest_route=\/wp\/v2\/posts\/27898\/revisions"}],"predecessor-version":[{"id":27900,"href":"https:\/\/zonaroja.com.mx\/index.php?rest_route=\/wp\/v2\/posts\/27898\/revisions\/27900"}],"wp:featuredmedia":[{"embeddable":true,"href":"https:\/\/zonaroja.com.mx\/index.php?rest_route=\/wp\/v2\/media\/27899"}],"wp:attachment":[{"href":"https:\/\/zonaroja.com.mx\/index.php?rest_route=%2Fwp%2Fv2%2Fmedia&parent=27898"}],"wp:term":[{"taxonomy":"category","embeddable":true,"href":"https:\/\/zonaroja.com.mx\/index.php?rest_route=%2Fwp%2Fv2%2Fcategories&post=27898"},{"taxonomy":"post_tag","embeddable":true,"href":"https:\/\/zonaroja.com.mx\/index.php?rest_route=%2Fwp%2Fv2%2Ftags&post=27898"}],"curies":[{"name":"wp","href":"https:\/\/api.w.org\/{rel}","templated":true}]}}