{"id":2790,"date":"2019-08-03T14:47:01","date_gmt":"2019-08-03T19:47:01","guid":{"rendered":"http:\/\/www.zonaroja.com.mx\/?p=2790"},"modified":"2019-08-03T14:52:23","modified_gmt":"2019-08-03T19:52:23","slug":"robos-y-asaltos-imparables-en-la-capital-de-oaxaca-suman-dos-este-sabado","status":"publish","type":"post","link":"https:\/\/zonaroja.com.mx\/?p=2790","title":{"rendered":"Robos y asaltos imparables en la capital de Oaxaca, suman dos este s\u00e1bado"},"content":{"rendered":"\n<p>Redacci\u00f3n\/Zona\nRoja. <\/p>\n\n\n\n<p>Oaxaca de\nJu\u00e1rez, Oax., 3 de agosto de 2019.- La ma\u00f1ana de este s\u00e1bado, sujetos no\nidentificados asaltaron un local de venta de ropa llamado \u201cHeydi\u201d, ubicado en la\navenida Perif\u00e9rico esquina con Ray\u00f3n, cerca del crucero de 5 Se\u00f1ores en la\ncapital del estado.<\/p>\n\n\n\n<p>Al lugar\narribaron elementos de seguridad estatal y municipal, sin embargo los\nasaltantes ya hab\u00edan huido con dinero en efectivo y objetos que lograron hurtar\ndel local, de acuerdo con los testimonios de las personas que se encontraban en\nla zona.<\/p>\n\n\n\n<p>Con l\u00e1grimas y una peque\u00f1a crisis nerviosa, una joven mujer, que se encontraba al frente del negocio, fue atendida por las autoridades luego del asalto al negocio familiar sin mayor tipo de lujos en el interior y que permite a sus propietarios vivir al d\u00eda.<\/p>\n\n\n\n<figure class=\"wp-block-embed-twitter wp-block-embed is-type-rich is-provider-twitter\"><div class=\"wp-block-embed__wrapper\">\n<div class=\"twitter-tweet\"><blockquote class=\"twitter-tweet\" data-lang=\"es\"><p lang=\"es\" dir=\"ltr\"><a href=\"https:\/\/twitter.com\/hashtag\/OaxacaRojo?src=hash&amp;ref_src=twsrc%5Etfw\">#OaxacaRojo<\/a><br>Este fue el local de ropa que fue asaltado la ma\u00f1ana de este s\u00e1bado, en Perif\u00e9rico casi esquina Ray\u00f3n, ciudad de <a href=\"https:\/\/twitter.com\/hashtag\/Oaxaca?src=hash&amp;ref_src=twsrc%5Etfw\">#Oaxaca<\/a>; lo atend\u00eda una jovencita, que sufri\u00f3 crisis nerviosa. <a href=\"https:\/\/t.co\/EUMhDgf28B\">pic.twitter.com\/EUMhDgf28B<\/a><\/p>&mdash; Zona Roja Oaxaca (@MexRoja) <a href=\"https:\/\/twitter.com\/MexRoja\/status\/1157739155389947904?ref_src=twsrc%5Etfw\">3 de agosto de 2019<\/a><\/blockquote><\/div>\n<\/div><\/figure>\n\n\n\n<p>Minutos\ndespu\u00e9s del hecho en la zona del Perif\u00e9rico, corporaciones de seguridad\nreportaron el asalto violento de una unidad de la empresa Gas de Oaxaca, en las\ninmediaciones de la agencia Donaj\u00ed.<\/p>\n\n\n\n<p>De acuerdo\ncon los testimonios, los asaltantes golpearon al chofer a quien adem\u00e1s le\nquitaron el tel\u00e9fono celular propiedad de la gasera, as\u00ed como 14 tanques de 20\nkilogramos, tres m\u00e1s de 30 kilos y 800 pesos en efectivo, que formaban parte de\nla venta del d\u00eda.<\/p>\n\n\n\n<p>Ambos hechos sucedieron en zonas transitadas de la capital del estado y a plena luz del d\u00eda, lo que da fe del aumento de la inseguridad en los \u00faltimos d\u00edas, mientras que la autoridad municipal encabezada por el morenista Oswaldo Garc\u00eda Jarqu\u00edn no ha demostrado efectividad para hacer frente a la ola delictiva, a ocho meses de administraci\u00f3n.<\/p>\n\n\n\n<p>Por su parte\nel gobernador Alejandro Murat Hinojosa ha declarado p\u00fablicamente que cuenta con\n\u201cotros datos\u201d en materia de seguridad en la entidad oaxaque\u00f1a, minimizando el\nincremento de hechos delictivos que denuncia constantemente la ciudadan\u00eda a\ntrav\u00e9s de las redes sociales.<\/p>\n","protected":false},"excerpt":{"rendered":"<p>Redacci\u00f3n\/Zona Roja. Oaxaca de Ju\u00e1rez, Oax., 3 de agosto de 2019.- La ma\u00f1ana de este&hellip;<\/p>\n","protected":false},"author":2,"featured_media":2791,"comment_status":"closed","ping_status":"open","sticky":false,"template":"","format":"standard","meta":{"_lmt_disableupdate":"","_lmt_disable":"","_jetpack_memberships_contains_paid_content":false,"footnotes":""},"categories":[109,51],"tags":[465],"class_list":["post-2790","post","type-post","status-publish","format-standard","has-post-thumbnail","hentry","category-minuto-a-minuto","category-zona-roja","tag-asaltan-local-comercial-ciudad-de-oaxaca"],"jetpack_featured_media_url":"https:\/\/zonaroja.com.mx\/wp-content\/uploads\/2019\/08\/eZy-Watermark_03-08-2019_02-33-00p.-m..jpg","jetpack_sharing_enabled":true,"_links":{"self":[{"href":"https:\/\/zonaroja.com.mx\/index.php?rest_route=\/wp\/v2\/posts\/2790","targetHints":{"allow":["GET"]}}],"collection":[{"href":"https:\/\/zonaroja.com.mx\/index.php?rest_route=\/wp\/v2\/posts"}],"about":[{"href":"https:\/\/zonaroja.com.mx\/index.php?rest_route=\/wp\/v2\/types\/post"}],"author":[{"embeddable":true,"href":"https:\/\/zonaroja.com.mx\/index.php?rest_route=\/wp\/v2\/users\/2"}],"replies":[{"embeddable":true,"href":"https:\/\/zonaroja.com.mx\/index.php?rest_route=%2Fwp%2Fv2%2Fcomments&post=2790"}],"version-history":[{"count":2,"href":"https:\/\/zonaroja.com.mx\/index.php?rest_route=\/wp\/v2\/posts\/2790\/revisions"}],"predecessor-version":[{"id":2793,"href":"https:\/\/zonaroja.com.mx\/index.php?rest_route=\/wp\/v2\/posts\/2790\/revisions\/2793"}],"wp:featuredmedia":[{"embeddable":true,"href":"https:\/\/zonaroja.com.mx\/index.php?rest_route=\/wp\/v2\/media\/2791"}],"wp:attachment":[{"href":"https:\/\/zonaroja.com.mx\/index.php?rest_route=%2Fwp%2Fv2%2Fmedia&parent=2790"}],"wp:term":[{"taxonomy":"category","embeddable":true,"href":"https:\/\/zonaroja.com.mx\/index.php?rest_route=%2Fwp%2Fv2%2Fcategories&post=2790"},{"taxonomy":"post_tag","embeddable":true,"href":"https:\/\/zonaroja.com.mx\/index.php?rest_route=%2Fwp%2Fv2%2Ftags&post=2790"}],"curies":[{"name":"wp","href":"https:\/\/api.w.org\/{rel}","templated":true}]}}