{"id":27901,"date":"2021-05-29T21:55:27","date_gmt":"2021-05-30T02:55:27","guid":{"rendered":"http:\/\/www.zonaroja.com.mx\/?p=27901"},"modified":"2021-05-29T21:55:30","modified_gmt":"2021-05-30T02:55:30","slug":"anuncia-javier-villacana-tres-cierres-de-campana","status":"publish","type":"post","link":"https:\/\/zonaroja.com.mx\/?p=27901","title":{"rendered":"Anuncia Javier Villaca\u00f1a tres cierres de campa\u00f1a"},"content":{"rendered":"\n<p>Redacci\u00f3n\/Zona Roja.<\/p>\n\n\n\n<p>Oaxaca Ju\u00e1rez, Oax., 29 de mayo de 2021.- De cara al triunfo en los pr\u00f3ximos comicios del 6 de junio, el candidato com\u00fan del PRI, PAN y PRD a la presidencia municipal de Oaxaca de Ju\u00e1rez, Javier Villaca\u00f1a Jim\u00e9nez anunci\u00f3 la celebraci\u00f3n de tres magnos cierres, que pondr\u00e1n fin a su campa\u00f1a de 30 d\u00edas de promoci\u00f3n al voto por&nbsp; las 13 agencias municipales y de polic\u00eda, as\u00ed como de la cabecera de la capital del estado.<\/p>\n\n\n\n<p>A siete d\u00edas de la realizaci\u00f3n de la jornada electoral, donde las y los oaxaque\u00f1os elegir\u00e1n presidentes municipales, diputados federales y locales,&nbsp; inform\u00f3 que con la presencia del dirigente nacional del Partido Revolucionario Institucional, Alejandro Moreno C\u00e1rdenas, realizar\u00e1 la \u201cMarcha de la Victoria\u201d, partiendo del Paseo Ju\u00e1rez el Llano con destino a la emblem\u00e1tica Plaza de la Danza, actividad a celebrarse este 30 de mayo a partir de las 19 horas.<\/p>\n\n\n\n<p>Tambi\u00e9n, con la fuerza de la militancia panista, priista y perredista, y en coordinaci\u00f3n con las candidatas a diputadas locales por los distritos 13 y 14, que representan a la coalici\u00f3n \u201cVa por Oaxaca\u201d, Laura Vign\u00f3n Carre\u00f1o y Giovanna Moreno Reyes, respectivamente, ser\u00e1n celebrados al d\u00eda siguiente dos cierres regionales en las agencias de San Mart\u00edn Mexicapam y Trinidad de Viguera.<\/p>\n\n\n\n<p>Javier Villaca\u00f1a Jim\u00e9nez, el candidato puntero en todas las encuestas y pr\u00f3ximo presidente municipal capitalino, invit\u00f3 a la ciudadan\u00eda en general, a la militancia de los tres institutos pol\u00edticos que lo respaldan, y a los de otro partidos que simpatizan con su candidatura, a sumarse a la recuperaci\u00f3n de la ciudad de Oaxaca para regresar su grandeza, devolver su brillo, recuperar la seguridad,&nbsp; as\u00ed como construir una capital funcional y en armon\u00eda.<\/p>\n","protected":false},"excerpt":{"rendered":"<p>Redacci\u00f3n\/Zona Roja. Oaxaca Ju\u00e1rez, Oax., 29 de mayo de 2021.- De cara al triunfo en&hellip;<\/p>\n","protected":false},"author":2,"featured_media":27902,"comment_status":"closed","ping_status":"open","sticky":false,"template":"","format":"standard","meta":{"_lmt_disableupdate":"","_lmt_disable":"","_jetpack_memberships_contains_paid_content":false,"footnotes":""},"categories":[109,46],"tags":[2456],"class_list":["post-27901","post","type-post","status-publish","format-standard","has-post-thumbnail","hentry","category-minuto-a-minuto","category-zona-blanca","tag-javier-villacana-jimenez"],"jetpack_featured_media_url":"https:\/\/zonaroja.com.mx\/wp-content\/uploads\/2021\/05\/Javier-Villacana-1.jpg","jetpack_sharing_enabled":true,"_links":{"self":[{"href":"https:\/\/zonaroja.com.mx\/index.php?rest_route=\/wp\/v2\/posts\/27901","targetHints":{"allow":["GET"]}}],"collection":[{"href":"https:\/\/zonaroja.com.mx\/index.php?rest_route=\/wp\/v2\/posts"}],"about":[{"href":"https:\/\/zonaroja.com.mx\/index.php?rest_route=\/wp\/v2\/types\/post"}],"author":[{"embeddable":true,"href":"https:\/\/zonaroja.com.mx\/index.php?rest_route=\/wp\/v2\/users\/2"}],"replies":[{"embeddable":true,"href":"https:\/\/zonaroja.com.mx\/index.php?rest_route=%2Fwp%2Fv2%2Fcomments&post=27901"}],"version-history":[{"count":1,"href":"https:\/\/zonaroja.com.mx\/index.php?rest_route=\/wp\/v2\/posts\/27901\/revisions"}],"predecessor-version":[{"id":27903,"href":"https:\/\/zonaroja.com.mx\/index.php?rest_route=\/wp\/v2\/posts\/27901\/revisions\/27903"}],"wp:featuredmedia":[{"embeddable":true,"href":"https:\/\/zonaroja.com.mx\/index.php?rest_route=\/wp\/v2\/media\/27902"}],"wp:attachment":[{"href":"https:\/\/zonaroja.com.mx\/index.php?rest_route=%2Fwp%2Fv2%2Fmedia&parent=27901"}],"wp:term":[{"taxonomy":"category","embeddable":true,"href":"https:\/\/zonaroja.com.mx\/index.php?rest_route=%2Fwp%2Fv2%2Fcategories&post=27901"},{"taxonomy":"post_tag","embeddable":true,"href":"https:\/\/zonaroja.com.mx\/index.php?rest_route=%2Fwp%2Fv2%2Ftags&post=27901"}],"curies":[{"name":"wp","href":"https:\/\/api.w.org\/{rel}","templated":true}]}}