{"id":27904,"date":"2021-05-30T09:01:25","date_gmt":"2021-05-30T14:01:25","guid":{"rendered":"http:\/\/www.zonaroja.com.mx\/?p=27904"},"modified":"2021-05-29T22:04:37","modified_gmt":"2021-05-30T03:04:37","slug":"desaparecen-tres-mujeres-en-las-ultimas-horas-en-oaxaca-crece-la-lista","status":"publish","type":"post","link":"https:\/\/zonaroja.com.mx\/?p=27904","title":{"rendered":"Desaparecen tres mujeres en las \u00faltimas horas en Oaxaca; crece la lista"},"content":{"rendered":"\n<p>Evlin Arag\u00f3n\/Zona Roja.<\/p>\n\n\n\n<p>Oaxaca de Ju\u00e1rez, Oax., 30 de mayo de 2021.- Frida Ira\u00eds, Melany Britney y Ana Mar\u00eda, todas menores de edad, son las tres mujeres reportadas como desaparecidas en las \u00faltimas horas, en la entidad oaxaque\u00f1a.&nbsp;<\/p>\n\n\n\n<p>La Unidad de B\u00fasqueda de Personas Desaparecida y No Localizadas, dependiente de la Fiscal\u00eda General del Estado, ha emitido una ficha de b\u00fasqueda que incluye una fotograf\u00eda y datos personales de las j\u00f3venes con la intenci\u00f3n de dar con su paradero.<\/p>\n\n\n\n<p>En el caso de Frida Ira\u00eds, de 13 a\u00f1os de edad, fue vista por \u00faltima vez este viernes 28 de mayo en la colonia Santa Cruz, perteneciente al municipio de San Juan Bautista Tuxtepec, considerado como una de los m\u00e1s peligrosos en la entidad.&nbsp;<\/p>\n\n\n\n<p>Un d\u00eda antes, familiares de Melany Britney, de solo 14 a\u00f1os de edad, la vieron por \u00faltima vez en el paraje San Joaqu\u00edn, Reyes Mantec\u00f3n, perteneciente a San Bartolo Coyotepec; mientras que, Ana Mar\u00eda, de 17 a\u00f1os de edad, desapareci\u00f3 en inmediaciones de la colonia La Forestal en Santa Mar\u00eda Atzompa.&nbsp;<\/p>\n\n\n\n<p>Las tres j\u00f3venes se unen a la lista en la que tambi\u00e9n se encuentra desde hace siete d\u00edas, Joselyn Antonia, de 15 a\u00f1os de edad, por quien se emiti\u00f3 la Alerta Amber, ya que se considera se encuentra en riesgo y puede ser v\u00edctima de la comisi\u00f3n de un delito.<\/p>\n\n\n\n<p>Fue el pasado 22 de mayo que, siendo las 19:45 horas, la adolescente sali\u00f3 de Soledad Etla, Oaxaca, sin que hasta el momento se tenga noticias de su paradero, por lo que su familia denunci\u00f3 los hechos.&nbsp;<\/p>\n\n\n\n<p>Emily Janeth, de 16 a\u00f1os de edad, tambi\u00e9n est\u00e1 desaparecida ya que fue vista por \u00faltima vez el pasado 20 de mayo en el barrio Los Trapiches en el municipio de Acatl\u00e1n de P\u00e9rez Figueroa.&nbsp;<\/p>\n\n\n\n<p>La peque\u00f1a Yaretzy, de tan solo cinco meses de nacida, cuenta con su propia ficha de b\u00fasqueda luego de ser vista por \u00faltima vez el pasado 19 de mayo, en compa\u00f1\u00eda de su progenitor Jos\u00e9 Antonio Velasco Sol\u00eds.&nbsp;<\/p>\n\n\n\n<p>Luz Elena, de 17 a\u00f1os de edad, lleva m\u00e1s de diez d\u00edas desaparecida, toda vez que fue vista por \u00faltima vez en pasado 18 de mayo, en San Felipe Jalapa de D\u00edaz, municipio de la Cuenca del Papaloapan.<\/p>\n\n\n\n<p>Un d\u00eda antes, \u00c1ngela Martina, de 16 a\u00f1os de edad, desapareci\u00f3 sin dejar rastro, en el municipio de Juchit\u00e1n de Zaragoza.&nbsp;<\/p>\n\n\n\n<p>El caso de Kiara Francisca, de 19 a\u00f1os de edad, trascendi\u00f3 en los medios locales de informaci\u00f3n tras ser vista por \u00faltima vez el domingo 16 de mayo en la Villa de Zaachila.<\/p>\n\n\n\n<p>Y es que, de acuerdo con publicaciones en redes sociales, la joven fue \u201clevantada\u201d, en calles c\u00e9ntricas de la localidad perteneciente a la zona metropolitana, en una camioneta marca Explorer con placas TLS 7093.<\/p>\n\n\n\n<p>Dalia Yuliany, de 19 a\u00f1os de edad, y su peque\u00f1a hija Jade, tambi\u00e9n se unen a la larga lista, luego de ser vistas por \u00faltima vez el pasado 12 de mayo en la poblaci\u00f3n de Huajuapan de Le\u00f3n.&nbsp;<\/p>\n\n\n\n<p>La desaparici\u00f3n de mujeres j\u00f3venes se ha vuelto constante en la entidad oaxaque\u00f1a, sin que, hasta el momento, las autoridades hagan algo para evitar que se incrementen los casos.<\/p>\n","protected":false},"excerpt":{"rendered":"<p>Evlin Arag\u00f3n\/Zona Roja. Oaxaca de Ju\u00e1rez, Oax., 30 de mayo de 2021.- Frida Ira\u00eds, Melany&hellip;<\/p>\n","protected":false},"author":2,"featured_media":27905,"comment_status":"closed","ping_status":"open","sticky":false,"template":"","format":"standard","meta":{"_lmt_disableupdate":"","_lmt_disable":"","_jetpack_memberships_contains_paid_content":false,"footnotes":""},"categories":[109,47],"tags":[455],"class_list":["post-27904","post","type-post","status-publish","format-standard","has-post-thumbnail","hentry","category-minuto-a-minuto","category-zona-gris","tag-mujeres-desaparecidas-oaxaca"],"jetpack_featured_media_url":"https:\/\/zonaroja.com.mx\/wp-content\/uploads\/2021\/05\/Mujeres-desaparecidas-Oaxaca.jpg","jetpack_sharing_enabled":true,"_links":{"self":[{"href":"https:\/\/zonaroja.com.mx\/index.php?rest_route=\/wp\/v2\/posts\/27904","targetHints":{"allow":["GET"]}}],"collection":[{"href":"https:\/\/zonaroja.com.mx\/index.php?rest_route=\/wp\/v2\/posts"}],"about":[{"href":"https:\/\/zonaroja.com.mx\/index.php?rest_route=\/wp\/v2\/types\/post"}],"author":[{"embeddable":true,"href":"https:\/\/zonaroja.com.mx\/index.php?rest_route=\/wp\/v2\/users\/2"}],"replies":[{"embeddable":true,"href":"https:\/\/zonaroja.com.mx\/index.php?rest_route=%2Fwp%2Fv2%2Fcomments&post=27904"}],"version-history":[{"count":1,"href":"https:\/\/zonaroja.com.mx\/index.php?rest_route=\/wp\/v2\/posts\/27904\/revisions"}],"predecessor-version":[{"id":27906,"href":"https:\/\/zonaroja.com.mx\/index.php?rest_route=\/wp\/v2\/posts\/27904\/revisions\/27906"}],"wp:featuredmedia":[{"embeddable":true,"href":"https:\/\/zonaroja.com.mx\/index.php?rest_route=\/wp\/v2\/media\/27905"}],"wp:attachment":[{"href":"https:\/\/zonaroja.com.mx\/index.php?rest_route=%2Fwp%2Fv2%2Fmedia&parent=27904"}],"wp:term":[{"taxonomy":"category","embeddable":true,"href":"https:\/\/zonaroja.com.mx\/index.php?rest_route=%2Fwp%2Fv2%2Fcategories&post=27904"},{"taxonomy":"post_tag","embeddable":true,"href":"https:\/\/zonaroja.com.mx\/index.php?rest_route=%2Fwp%2Fv2%2Ftags&post=27904"}],"curies":[{"name":"wp","href":"https:\/\/api.w.org\/{rel}","templated":true}]}}