{"id":27907,"date":"2021-05-30T11:00:39","date_gmt":"2021-05-30T16:00:39","guid":{"rendered":"http:\/\/www.zonaroja.com.mx\/?p=27907"},"modified":"2021-05-29T22:08:43","modified_gmt":"2021-05-30T03:08:43","slug":"urgen-defender-instituciones-emanadas-desde-la-sociedad-civil-como-el-iaip","status":"publish","type":"post","link":"https:\/\/zonaroja.com.mx\/?p=27907","title":{"rendered":"Urgen defender instituciones emanadas desde la sociedad civil, como el IAIP"},"content":{"rendered":"\n<p>Evlin Arag\u00f3n\/Zona Roja.<\/p>\n\n\n\n<p>Oaxaca de Ju\u00e1rez, Oax., 30 de mayo de 2021.- En tiempos de amnesia, como los que se viven ahora, hay que recordar que \u00f3rganos como el Instituto Nacional de Transparencia de Acceso a la Informaci\u00f3n y Protecci\u00f3n de Datos Personales (INAI), provienen de la sociedad civil organizada, y por tanto forman parte fundamental de la democracia actual.&nbsp;<\/p>\n\n\n\n<p>Lo anterior fue expuesto en el marco de la charla \u201cA 20 a\u00f1os del Grupo Oaxaca\u201d, donde se reconoci\u00f3 el poder de la ciudadan\u00eda organizada que, partiendo del seminario Derecho a la Informaci\u00f3n y Reforma Democr\u00e1tica, realizado en 2001, reflexion\u00f3 y plante\u00f3 la necesidad de la transparencia en el quehacer p\u00fablico.<\/p>\n\n\n\n<p>De acuerdo con la titular del INAI, Blanca Lilia Ibarra, fue el Grupo Oaxaca, conformado por ciudadanas y ciudadanos organizados, el que impuls\u00f3 los mecanismos que hoy se han convertido en un instituto y todo un sistema que garantiza el ejercicio de los derechos de acceso a la informaci\u00f3n y protecci\u00f3n de datos personales.&nbsp;<\/p>\n\n\n\n<p>Por ello, independientemente de recordar el impulso oaxaque\u00f1o para la creaci\u00f3n del INAI enunci\u00f3, junto con otros comisionados, su preocupaci\u00f3n ante la amenaza constante hacia las instituciones democr\u00e1ticas por parte de actores pol\u00edticos de alto nivel, que pareciera no dimensiona la importancia que han cobrado en la actualidad.&nbsp;<\/p>\n\n\n\n<p>As\u00ed mismo pidi\u00f3 a la ciudadan\u00eda reconocer la labor de organismos como el INAI y sumarse en su defensa.&nbsp;<\/p>\n\n\n\n<p>Mar\u00eda Antonieta Vel\u00e1squez Chagoya, comisionada en Oaxaca del Instituto de Acceso a la Informaci\u00f3n y Protecci\u00f3n de Datos Personales, denunci\u00f3 los riesgos actuales a los que se enfrenta la entidad, ello tras la Reforma Constitucional en Oaxaca, que desaparece el IAIP y crea el \u00d3rgano Garante de Transparencia, Protecci\u00f3n de Datos Personales y Buen Gobierno.<\/p>\n\n\n\n<p>De acuerdo con la funcionaria, m\u00e1s que un cambio de nombre, la reforma a la ley representa cambios de fondo injustificados por parte del Poder Legislativo, quien nunca se plante\u00f3 la idea de fortalecer el acceso a la informaci\u00f3n p\u00fablica y la transparencia y por el contrario plante\u00f3 la extinci\u00f3n de la instancia.&nbsp;<\/p>\n\n\n\n<p>\u201cLo \u00fanico que pedimos es que se respeten los derechos, particularmente el que protegemos de acceso a la informaci\u00f3n p\u00fablica y a la protecci\u00f3n de datos personales. Es importante que no se tenga miedo a preguntar y a responder\u201d, dijo en el marco de su participaci\u00f3n.&nbsp;<\/p>\n\n\n\n<p>Para la comisionada, hay que pelear en todo momento por los derechos, tal y como hizo Grupo Oaxaca hace veinte a\u00f1os para hacer de la funci\u00f3n p\u00fablica un quehacer m\u00e1s transparente, tomando en cuenta que una sociedad informada toma mejores decisiones.&nbsp;<\/p>\n\n\n\n<p>Insisti\u00f3 en la necesidad de que la sociedad se organice para impedir que se trasgredan los organismos aut\u00f3nomos, y que se impulsen reformas que lejos de fortalecerlos busquen socavar los derechos.&nbsp;<\/p>\n\n\n\n<p>Por su parte, Fernando G\u00f3mez, tambi\u00e9n comisionado del IAIP, reconoci\u00f3 que el Grupo Oaxaca y la declaraci\u00f3n que eman\u00f3 de sus reflexiones, represent\u00f3 un hito en la democracia mexicana, un ejercicio in\u00e9dito de participaci\u00f3n ciudadana que debe, no s\u00f3lo ser recordado, sino evocado a la realidad actual, a fin de mantener las instancias que han sido impulsadas desde ah\u00ed.&nbsp;&nbsp;<\/p>\n","protected":false},"excerpt":{"rendered":"<p>Evlin Arag\u00f3n\/Zona Roja. Oaxaca de Ju\u00e1rez, Oax., 30 de mayo de 2021.- En tiempos de&hellip;<\/p>\n","protected":false},"author":2,"featured_media":27908,"comment_status":"closed","ping_status":"open","sticky":false,"template":"","format":"standard","meta":{"_lmt_disableupdate":"","_lmt_disable":"","_jetpack_memberships_contains_paid_content":false,"footnotes":""},"categories":[109,46],"tags":[655],"class_list":["post-27907","post","type-post","status-publish","format-standard","has-post-thumbnail","hentry","category-minuto-a-minuto","category-zona-blanca","tag-instituto-de-acceso-a-la-informacion-publica"],"jetpack_featured_media_url":"https:\/\/zonaroja.com.mx\/wp-content\/uploads\/2021\/05\/Instituto-Nacional-de-Transparencia.jpg","jetpack_sharing_enabled":true,"_links":{"self":[{"href":"https:\/\/zonaroja.com.mx\/index.php?rest_route=\/wp\/v2\/posts\/27907","targetHints":{"allow":["GET"]}}],"collection":[{"href":"https:\/\/zonaroja.com.mx\/index.php?rest_route=\/wp\/v2\/posts"}],"about":[{"href":"https:\/\/zonaroja.com.mx\/index.php?rest_route=\/wp\/v2\/types\/post"}],"author":[{"embeddable":true,"href":"https:\/\/zonaroja.com.mx\/index.php?rest_route=\/wp\/v2\/users\/2"}],"replies":[{"embeddable":true,"href":"https:\/\/zonaroja.com.mx\/index.php?rest_route=%2Fwp%2Fv2%2Fcomments&post=27907"}],"version-history":[{"count":1,"href":"https:\/\/zonaroja.com.mx\/index.php?rest_route=\/wp\/v2\/posts\/27907\/revisions"}],"predecessor-version":[{"id":27909,"href":"https:\/\/zonaroja.com.mx\/index.php?rest_route=\/wp\/v2\/posts\/27907\/revisions\/27909"}],"wp:featuredmedia":[{"embeddable":true,"href":"https:\/\/zonaroja.com.mx\/index.php?rest_route=\/wp\/v2\/media\/27908"}],"wp:attachment":[{"href":"https:\/\/zonaroja.com.mx\/index.php?rest_route=%2Fwp%2Fv2%2Fmedia&parent=27907"}],"wp:term":[{"taxonomy":"category","embeddable":true,"href":"https:\/\/zonaroja.com.mx\/index.php?rest_route=%2Fwp%2Fv2%2Fcategories&post=27907"},{"taxonomy":"post_tag","embeddable":true,"href":"https:\/\/zonaroja.com.mx\/index.php?rest_route=%2Fwp%2Fv2%2Ftags&post=27907"}],"curies":[{"name":"wp","href":"https:\/\/api.w.org\/{rel}","templated":true}]}}