{"id":27914,"date":"2021-05-30T07:19:16","date_gmt":"2021-05-30T12:19:16","guid":{"rendered":"http:\/\/www.zonaroja.com.mx\/?p=27914"},"modified":"2021-05-30T07:19:20","modified_gmt":"2021-05-30T12:19:20","slug":"le-devolveremos-la-grandeza-a-oaxaca-francisco-martinez-neri","status":"publish","type":"post","link":"https:\/\/zonaroja.com.mx\/?p=27914","title":{"rendered":"Le devolveremos la grandeza a Oaxaca: Francisco Mart\u00ednez Neri"},"content":{"rendered":"\n<p>Redacci\u00f3n\/Zona Roja Cdmx.<\/p>\n\n\n\n<p>Ciudad de M\u00e9xico, 30 de mayo de 2021.- Convencido de que la capital oaxaque\u00f1a necesita recuperar su grandeza, el candidato a la presidencia municipal de Oaxaca de Ju\u00e1rez por Morena, Francisco Mart\u00ednez Neri, asegur\u00f3 que eso s\u00f3lo puede ocurrir con la conjunci\u00f3n de un trabajo honesto y comprometido, y de planes eficaces de reactivaci\u00f3n social y econ\u00f3mica frente a la pandemia.<\/p>\n\n\n\n<p>El abanderado de Morena en la Verde Antequera se\u00f1al\u00f3 que en su administraci\u00f3n como presidente municipal se privilegiar\u00e1 no s\u00f3lo la recuperaci\u00f3n econ\u00f3mica sino sobre todo la reactivaci\u00f3n de la convivencia social en sus distintas vertientes.<\/p>\n\n\n\n<p>Dijo que uno de los aspectos fundamentales que impulsar\u00e1 ser\u00e1 el del turismo, ya que ello implica el rescate de los espacios p\u00fablicos, las vialidades, los parques y jardines, as\u00ed como el reforzamiento de servicios municipales como el de la recolecci\u00f3n de basura, aseo p\u00fablico y alumbrado, adem\u00e1s de la seguridad p\u00fablica, entre otros.<\/p>\n\n\n\n<p>Del mismo modo, el candidato morenista al gobierno de la capital oaxaque\u00f1a asegur\u00f3 que cualquier forma de desarrollo tur\u00edstico debe venir potenciado por una vocaci\u00f3n clara de fomento cultural.<\/p>\n\n\n\n<p>\u201cNuestras ra\u00edces multiculturales nos dan identidad, y por ello debemos poner como piedra angular del desarrollo econ\u00f3mico y tur\u00edstico de la capital, la preservaci\u00f3n y el cuidado tanto de nuestras costumbres como del enorme epicentro cultural que significa Oaxaca para nuestro pa\u00eds, y para el mundo\u201d, dijo.<\/p>\n\n\n\n<p>Francisco Mart\u00ednez Neri lament\u00f3 el estado de abandono que por a\u00f1os ha prevalecido en la capital oaxaque\u00f1a, y dijo que derivado de ello se ha incrementado de forma descontrolada el ambulantaje, la invasi\u00f3n de espacios p\u00fablicos que le pertenecen a los oaxaque\u00f1os, e incluso el derecho de tr\u00e1nsito que deber\u00edan ejercer cabalmente todos los oaxaque\u00f1os en todas las zonas de la ciudad sin ser molestados por nada ni por nadie.<\/p>\n\n\n\n<p>\u201cLos oaxaque\u00f1os merecemos volver a tener la ciudad portentosa que antes fue nuestra, pero que nos arrebat\u00f3 la indolencia, la corrupci\u00f3n y el oportunismo de sus anteriores gobernantes\u201d, subray\u00f3 el tambi\u00e9n ex rector de la Universidad Aut\u00f3noma \u201cBenito Ju\u00e1rez\u201d de Oaxaca, al tiempo de considerar que eso s\u00f3lo puede ocurrir con el consenso y trabajo de una ciudadan\u00eda decidida a hacer de esta una mejor ciudad, finaliz\u00f3.<\/p>\n\n\n\n<p>(Fuente: \u00abExcelsior\u00bb)<\/p>\n","protected":false},"excerpt":{"rendered":"<p>Redacci\u00f3n\/Zona Roja Cdmx. Ciudad de M\u00e9xico, 30 de mayo de 2021.- Convencido de que la&hellip;<\/p>\n","protected":false},"author":2,"featured_media":27915,"comment_status":"closed","ping_status":"open","sticky":false,"template":"","format":"standard","meta":{"_lmt_disableupdate":"","_lmt_disable":"","_jetpack_memberships_contains_paid_content":false,"footnotes":""},"categories":[109,46],"tags":[2418],"class_list":["post-27914","post","type-post","status-publish","format-standard","has-post-thumbnail","hentry","category-minuto-a-minuto","category-zona-blanca","tag-francisco-martinez-neri"],"jetpack_featured_media_url":"https:\/\/zonaroja.com.mx\/wp-content\/uploads\/2021\/05\/Francisco-Martinez-Neri-2.jpg","jetpack_sharing_enabled":true,"_links":{"self":[{"href":"https:\/\/zonaroja.com.mx\/index.php?rest_route=\/wp\/v2\/posts\/27914","targetHints":{"allow":["GET"]}}],"collection":[{"href":"https:\/\/zonaroja.com.mx\/index.php?rest_route=\/wp\/v2\/posts"}],"about":[{"href":"https:\/\/zonaroja.com.mx\/index.php?rest_route=\/wp\/v2\/types\/post"}],"author":[{"embeddable":true,"href":"https:\/\/zonaroja.com.mx\/index.php?rest_route=\/wp\/v2\/users\/2"}],"replies":[{"embeddable":true,"href":"https:\/\/zonaroja.com.mx\/index.php?rest_route=%2Fwp%2Fv2%2Fcomments&post=27914"}],"version-history":[{"count":1,"href":"https:\/\/zonaroja.com.mx\/index.php?rest_route=\/wp\/v2\/posts\/27914\/revisions"}],"predecessor-version":[{"id":27916,"href":"https:\/\/zonaroja.com.mx\/index.php?rest_route=\/wp\/v2\/posts\/27914\/revisions\/27916"}],"wp:featuredmedia":[{"embeddable":true,"href":"https:\/\/zonaroja.com.mx\/index.php?rest_route=\/wp\/v2\/media\/27915"}],"wp:attachment":[{"href":"https:\/\/zonaroja.com.mx\/index.php?rest_route=%2Fwp%2Fv2%2Fmedia&parent=27914"}],"wp:term":[{"taxonomy":"category","embeddable":true,"href":"https:\/\/zonaroja.com.mx\/index.php?rest_route=%2Fwp%2Fv2%2Fcategories&post=27914"},{"taxonomy":"post_tag","embeddable":true,"href":"https:\/\/zonaroja.com.mx\/index.php?rest_route=%2Fwp%2Fv2%2Ftags&post=27914"}],"curies":[{"name":"wp","href":"https:\/\/api.w.org\/{rel}","templated":true}]}}