{"id":27917,"date":"2021-05-30T07:33:35","date_gmt":"2021-05-30T12:33:35","guid":{"rendered":"http:\/\/www.zonaroja.com.mx\/?p=27917"},"modified":"2021-05-30T07:33:38","modified_gmt":"2021-05-30T12:33:38","slug":"exige-seccion-22-justicia-por-asesinato-de-profesor-en-la-mixteca","status":"publish","type":"post","link":"https:\/\/zonaroja.com.mx\/?p=27917","title":{"rendered":"Exige Secci\u00f3n 22 justicia por asesinato de profesor en la Mixteca"},"content":{"rendered":"\n<p>Redacci\u00f3n\/Zona Roja.<\/p>\n\n\n\n<p>Oaxaca de Ju\u00e1rez, Oax., 30 de mayo de 2021.- La Secci\u00f3n 22 del Sindicato Nacional de Trabajadores de la Educaci\u00f3n (SNTE) exigi\u00f3 a la Fiscal\u00eda General del Estado justicia y pronto esclarecimiento del asesinato del profesor Santiago Bautista Ch\u00e1vez.<\/p>\n\n\n\n<p>Identific\u00f3 a la v\u00edctima como docente adscrito a la escuela primaria \u201c15 de Septiembre\u00bb, ubicada en el barrio San Pedro de San Juan Mixtepec; pertenec\u00eda a la Delegaci\u00f3n Sindical D-l-178, Zona Escolar 089 de la Jefatura N\u00famero 20 con sede en Tlaxiaco.<\/p>\n\n\n\n<p>Fue ultimado a balazos ayer s\u00e1bado en el interior de un taxi que conduc\u00eda, del sitio \u201cFundaci\u00f3n 2002\u201d, cuando transitaba en el paraje \u201cBajo la Pe\u00f1a\u201d, del municipio de San Juan Mixtepec.<\/p>\n\n\n\n<p>Se trata de la unidad de alquiler marca Nissan, tipo Tsuru, color blanco, con placas de circulaci\u00f3n TLX-53-13 del estado de Oaxaca.<\/p>\n\n\n\n<p>\u201cEl luto embarga nuevamente al magisterio oaxaque\u00f1o sin que las autoridades respondan por el clima de inseguridad que se vive en el estado, principalmente en el marco de un proceso electoral que ha provocado asesinatos sin esclarecer\u201d, difundi\u00f3 la Secci\u00f3n 22 en un comunicado.<\/p>\n\n\n\n<p>\u201cHoy nos declaramos en completa consternaci\u00f3n por los hechos que se siguen suscitando en el estado, donde la violencia es la m\u00e1scara m\u00e1s usual para callar a los ciudadanos mientras el encubrimiento de los agresores lleva cara de impunidad\u201d, recalc\u00f3.<\/p>\n\n\n\n<p>Detall\u00f3 que el docente fue encontrado sin vida y \u201ccon se\u00f1ales de haber recibido disparos de arma de fuego de acuerdo a la informaci\u00f3n de elementos de la polic\u00eda que localizaron su veh\u00edculo en el paraje conocido como \u2018Bajo la Pe\u00f1a\u2019.<\/p>\n\n\n\n<p>\u201cAnte estos hechos exigimos al Gobierno del Estado, a la Fiscal\u00eda General del Estado de Oaxaca y a la Vicefiscal\u00eda Regional de la Mixteca agilizar las investigaciones para dar con los responsables del asesinato de nuestro compa\u00f1ero y con hechos esclarecer lo ocurrido para evitar que sea una carpeta m\u00e1s que se sume a la larga lista de injusticias cometidas en agravio al magisterio\u201d.<\/p>\n","protected":false},"excerpt":{"rendered":"<p>Redacci\u00f3n\/Zona Roja. Oaxaca de Ju\u00e1rez, Oax., 30 de mayo de 2021.- La Secci\u00f3n 22 del&hellip;<\/p>\n","protected":false},"author":2,"featured_media":27918,"comment_status":"closed","ping_status":"open","sticky":false,"template":"","format":"standard","meta":{"_lmt_disableupdate":"","_lmt_disable":"","_jetpack_memberships_contains_paid_content":false,"footnotes":""},"categories":[109,51],"tags":[2719,312],"class_list":["post-27917","post","type-post","status-publish","format-standard","has-post-thumbnail","hentry","category-minuto-a-minuto","category-zona-roja","tag-santiago-bautista-chavez","tag-seccion-22-del-snte"],"jetpack_featured_media_url":"https:\/\/zonaroja.com.mx\/wp-content\/uploads\/2021\/05\/Seccion-22-Santiago-Bautista.jpg","jetpack_sharing_enabled":true,"_links":{"self":[{"href":"https:\/\/zonaroja.com.mx\/index.php?rest_route=\/wp\/v2\/posts\/27917","targetHints":{"allow":["GET"]}}],"collection":[{"href":"https:\/\/zonaroja.com.mx\/index.php?rest_route=\/wp\/v2\/posts"}],"about":[{"href":"https:\/\/zonaroja.com.mx\/index.php?rest_route=\/wp\/v2\/types\/post"}],"author":[{"embeddable":true,"href":"https:\/\/zonaroja.com.mx\/index.php?rest_route=\/wp\/v2\/users\/2"}],"replies":[{"embeddable":true,"href":"https:\/\/zonaroja.com.mx\/index.php?rest_route=%2Fwp%2Fv2%2Fcomments&post=27917"}],"version-history":[{"count":1,"href":"https:\/\/zonaroja.com.mx\/index.php?rest_route=\/wp\/v2\/posts\/27917\/revisions"}],"predecessor-version":[{"id":27919,"href":"https:\/\/zonaroja.com.mx\/index.php?rest_route=\/wp\/v2\/posts\/27917\/revisions\/27919"}],"wp:featuredmedia":[{"embeddable":true,"href":"https:\/\/zonaroja.com.mx\/index.php?rest_route=\/wp\/v2\/media\/27918"}],"wp:attachment":[{"href":"https:\/\/zonaroja.com.mx\/index.php?rest_route=%2Fwp%2Fv2%2Fmedia&parent=27917"}],"wp:term":[{"taxonomy":"category","embeddable":true,"href":"https:\/\/zonaroja.com.mx\/index.php?rest_route=%2Fwp%2Fv2%2Fcategories&post=27917"},{"taxonomy":"post_tag","embeddable":true,"href":"https:\/\/zonaroja.com.mx\/index.php?rest_route=%2Fwp%2Fv2%2Ftags&post=27917"}],"curies":[{"name":"wp","href":"https:\/\/api.w.org\/{rel}","templated":true}]}}