{"id":27923,"date":"2021-05-30T15:28:42","date_gmt":"2021-05-30T20:28:42","guid":{"rendered":"http:\/\/www.zonaroja.com.mx\/?p=27923"},"modified":"2021-05-30T15:28:46","modified_gmt":"2021-05-30T20:28:46","slug":"proponen-reformas-de-ley-en-oaxaca-para-lograr-paridad-en-cargos-de-fiscalia","status":"publish","type":"post","link":"https:\/\/zonaroja.com.mx\/?p=27923","title":{"rendered":"Proponen reformas de ley en Oaxaca para lograr paridad en cargos de Fiscal\u00eda"},"content":{"rendered":"\n<p>Yuridiana Sosa\/Zona Roja.<\/p>\n\n\n\n<p>Oaxaca de Ju\u00e1rez, Oax., 30 de mayo de 2021.- En busca de la paridad de g\u00e9nero en el nombramiento de las personas titulares de las \u00e1reas administrativas, vicefiscal\u00edas, fiscal\u00edas especializadas e institutos, fue presentado ante el Congreso de Oaxaca la propuesta para reformar el art\u00edculo 21 de la ley Org\u00e1nica de la Fiscal\u00eda General del Estado.<\/p>\n\n\n\n<p>La diputada Magaly L\u00f3pez Dom\u00ednguez, integrante del Grupo Parlamentario del Partido Morena, plante\u00f3 la iniciativa para que se adicione un segundo p\u00e1rrafo- recorri\u00e9ndose en su orden los subsecuentes- del art\u00edculo 21 de dicha ley para sea una obligaci\u00f3n del estado incluir a las mujeres por igualdad de condiciones en los cargos p\u00fablicos.<\/p>\n\n\n\n<p>Con esa modificaci\u00f3n se establecer\u00e1 que \u201cel o la titular de la Fiscal\u00eda General deber\u00e1 observar el principio de paridad de g\u00e9nero, as\u00ed mismo, deber\u00e1 generar mecanismos para establecer la paridad de g\u00e9nero entre hombres y mujeres, en las convocatorias para formar parte del Servicio Profesional de Carrera Ministerial, Policial y Pericial\u201d.<\/p>\n\n\n\n<p>L\u00f3pez Dom\u00ednguez expuso la necesidad de esta reforma ante la falta de igualdad entre hombres y mujeres en las convocatorias para formar parte del Servicio Profesional de Carrera Ministerial, Policial y Pericial, as\u00ed como que a lo largo de la vida intencional de esa dependencia se ha observado un acaparamiento de los varones en las \u00e1reas denominadas como de mandos medios.<\/p>\n\n\n\n<p>La legisladora record\u00f3 que en M\u00e9xico la paridad de g\u00e9nero es un principio constitucional que se refiere a la participaci\u00f3n equilibrada, justa, y legal, que asegura que al igual que los hombres, las mujeres en toda su diversidad tengan una participaci\u00f3n y representaci\u00f3n igualitaria en la vida democr\u00e1tica de nuestro pa\u00eds.<\/p>\n\n\n\n<p>Por lo que se hace indispensable que, para el logro de la igualdad, las mujeres sean actoras determinantes en el dise\u00f1o, implementaci\u00f3n, seguimiento y evaluaci\u00f3n de toda iniciativa impulsada en esta direcci\u00f3n.<\/p>\n\n\n\n<p>En ese sentido, agreg\u00f3 que \u201cen la medida en que las mujeres integren los espacios de decisi\u00f3n en paridad y adem\u00e1s act\u00faen desde una posici\u00f3n estrat\u00e9gica con efectiva vigencia de sus derechos humanos, se avanzar\u00e1 hacia la igualdad sustantiva entre mujeres y hombres de manera m\u00e1s r\u00e1pida, firme y sostenible\u201d.<\/p>\n\n\n\n<p>Adem\u00e1s, que la participaci\u00f3n de las mujeres en espacios de toma de decisiones ha sido una constante exigencia de los movimientos de mujeres a nivel mundial.<\/p>\n\n\n\n<p>En noviembre de 1974 la C\u00e1mara de Diputados aprob\u00f3 la reforma al Art\u00edculo Cuarto constitucional, que establece que el var\u00f3n y la mujer son iguales ante la ley, con lo cual la mujer adquiri\u00f3 legalmente la igualdad de derechos y obligaciones frente al hombre, puntualiz\u00f3.<\/p>\n\n\n\n<p>Mientras que en diciembre de ese mismo a\u00f1o se expidieron dos decretos relativos a la igualdad jur\u00eddica de la mujer.<\/p>\n","protected":false},"excerpt":{"rendered":"<p>Yuridiana Sosa\/Zona Roja. Oaxaca de Ju\u00e1rez, Oax., 30 de mayo de 2021.- En busca de&hellip;<\/p>\n","protected":false},"author":2,"featured_media":19961,"comment_status":"closed","ping_status":"open","sticky":false,"template":"","format":"standard","meta":{"_lmt_disableupdate":"","_lmt_disable":"","_jetpack_memberships_contains_paid_content":false,"footnotes":""},"categories":[109,46],"tags":[192],"class_list":["post-27923","post","type-post","status-publish","format-standard","has-post-thumbnail","hentry","category-minuto-a-minuto","category-zona-blanca","tag-diputada-magaly-lopez-dominguez"],"jetpack_featured_media_url":"https:\/\/zonaroja.com.mx\/wp-content\/uploads\/2020\/11\/FOTO-3-Diputada-Magaly-Lopez.jpeg","jetpack_sharing_enabled":true,"_links":{"self":[{"href":"https:\/\/zonaroja.com.mx\/index.php?rest_route=\/wp\/v2\/posts\/27923","targetHints":{"allow":["GET"]}}],"collection":[{"href":"https:\/\/zonaroja.com.mx\/index.php?rest_route=\/wp\/v2\/posts"}],"about":[{"href":"https:\/\/zonaroja.com.mx\/index.php?rest_route=\/wp\/v2\/types\/post"}],"author":[{"embeddable":true,"href":"https:\/\/zonaroja.com.mx\/index.php?rest_route=\/wp\/v2\/users\/2"}],"replies":[{"embeddable":true,"href":"https:\/\/zonaroja.com.mx\/index.php?rest_route=%2Fwp%2Fv2%2Fcomments&post=27923"}],"version-history":[{"count":1,"href":"https:\/\/zonaroja.com.mx\/index.php?rest_route=\/wp\/v2\/posts\/27923\/revisions"}],"predecessor-version":[{"id":27924,"href":"https:\/\/zonaroja.com.mx\/index.php?rest_route=\/wp\/v2\/posts\/27923\/revisions\/27924"}],"wp:featuredmedia":[{"embeddable":true,"href":"https:\/\/zonaroja.com.mx\/index.php?rest_route=\/wp\/v2\/media\/19961"}],"wp:attachment":[{"href":"https:\/\/zonaroja.com.mx\/index.php?rest_route=%2Fwp%2Fv2%2Fmedia&parent=27923"}],"wp:term":[{"taxonomy":"category","embeddable":true,"href":"https:\/\/zonaroja.com.mx\/index.php?rest_route=%2Fwp%2Fv2%2Fcategories&post=27923"},{"taxonomy":"post_tag","embeddable":true,"href":"https:\/\/zonaroja.com.mx\/index.php?rest_route=%2Fwp%2Fv2%2Ftags&post=27923"}],"curies":[{"name":"wp","href":"https:\/\/api.w.org\/{rel}","templated":true}]}}