{"id":27925,"date":"2021-05-30T16:42:27","date_gmt":"2021-05-30T21:42:27","guid":{"rendered":"http:\/\/www.zonaroja.com.mx\/?p=27925"},"modified":"2021-05-30T16:42:32","modified_gmt":"2021-05-30T21:42:32","slug":"llama-hernandez-fraguas-a-salir-a-votar-el-proximo-domingo-vaticina-triunfo","status":"publish","type":"post","link":"https:\/\/zonaroja.com.mx\/?p=27925","title":{"rendered":"Llama Hern\u00e1ndez Fraguas a salir a votar el pr\u00f3ximo domingo; vaticina triunfo"},"content":{"rendered":"\n<p>Redacci\u00f3n\/Zona Roja.<\/p>\n\n\n\n<p>Oaxaca de Ju\u00e1rez, Oax., 30 de mayo de 2021.- El triunfo de To\u00f1o Hern\u00e1ndez Fraguas y Mariana Nassar, este pr\u00f3ximo 6 de junio, ya nadie lo detiene, lo anterior qued\u00f3 demostrado una vez m\u00e1s en su segundo d\u00eda de actividades de cierre de campa\u00f1a, ahora en el municipio de San Pablo Etla.<\/p>\n\n\n\n<p>En el acto, los candidatos de la alianza \u201cVa por M\u00e9xico\u201d fueron arropados por habitantes de este municipio y por integrantes de la Confederaci\u00f3n de Trabajadores de M\u00e9xico (CTM), quienes manifestaron su apoyo y confianza a la f\u00f3rmula ganadora de To\u00f1o y Mariana.<\/p>\n\n\n\n<p>\u201c\u00a1To\u00f1o estamos contigo, sabemos de tu capacidad y profesionalismo, t\u00fa no nos vas a fallar en la C\u00e1mara de Diputados!\u201d, exclamaba un grupo de mujeres de la comunidad.<\/p>\n\n\n\n<p>En su discurso, el candidato Jos\u00e9 Antonio Hern\u00e1ndez Fraguas reiter\u00f3 una vez m\u00e1s su llamado a salir a votar de manera responsable, para que M\u00e9xico contin\u00fae siendo un pa\u00eds libre, en donde la voz de todas las hombres y mujeres sea escuchada.<\/p>\n\n\n\n<figure class=\"wp-block-embed-twitter wp-block-embed is-type-rich is-provider-twitter\"><div class=\"wp-block-embed__wrapper\">\n<div class=\"twitter-tweet\"><blockquote class=\"twitter-tweet\" data-lang=\"es\"><p lang=\"es\" dir=\"ltr\">\u00a1En San Pablo Etla, este 6 de junio ya ganamos!<br><br>Hoy, durante nuestro cierre de campa\u00f1a en este municipio eteco la ciudadan\u00eda nos manifest\u00f3 su apoyo para llegar a la <a href=\"https:\/\/twitter.com\/Mx_Diputados?ref_src=twsrc%5Etfw\">@Mx_Diputados<\/a>. Muchas gracias a todos los que nos acompa\u00f1aron. <br><br>Vamos con todo en el Dtto. 08  \u2705\ud83d\udcaa\ud83c\udffb<a href=\"https:\/\/twitter.com\/JAHFraguas?ref_src=twsrc%5Etfw\">@JAHFraguas<\/a> <a href=\"https:\/\/t.co\/uvRnf0tSiY\">pic.twitter.com\/uvRnf0tSiY<\/a><\/p>&mdash; Mariana Nassar Pi\u00f1eyro (@nassarmariana) <a href=\"https:\/\/twitter.com\/nassarmariana\/status\/1398754370087440385?ref_src=twsrc%5Etfw\">29 de mayo de 2021<\/a><\/blockquote><\/div>\n<\/div><\/figure>\n\n\n\n<p>En este marco, el abanderado del PRI, PAN y PRD, manifest\u00f3 que una de sus principales propuestas ser\u00e1 regresar los programas sociales que ayudan de manera directa a las mujeres, como es el caso del Seguro para Jefas de Familia, las Estancias Infantiles y el Prospera.<\/p>\n\n\n\n<p>\u201cCuando los actuales diputados de Morena y del PT votaron a favor de la desaparici\u00f3n de los programas sociales nunca pensaron en el da\u00f1o que le hac\u00edan a las mujeres, hoy en d\u00eda ellas no cuentan con un lugar seguro a donde dejar a sus hijos mientras salen a trabajar, no cuentan con apoyos econ\u00f3micos y mucho menos con comedores comunitarios\u201d, sentenci\u00f3.<\/p>\n\n\n\n<p>En el acto tambi\u00e9n se cont\u00f3 con la presencia de la candidata a diputada local por el distrito 12, Ver\u00f3nica L\u00f3pez, quien al igual que los candidatos To\u00f1o y Mariana, va a ganar la jornada electoral del 6 de junio.<\/p>\n\n\n\n<p>Por su parte la secretaria general del PRI, Claudia Silva Fern\u00e1ndez, indic\u00f3 que \u201cOaxaca necesita tener aliados en la c\u00e1mara de diputados federal, por ello To\u00f1o y Mariana deben contar con el apoyo de la ciudadan\u00eda, no hay duda ellos ser\u00e1n grandes diputados\u201d.<\/p>\n\n\n\n<p>Cabe resaltar que en el evento tambi\u00e9n se cont\u00f3 con la participaci\u00f3n del candidato local plurinominal, Andr\u00e9s Alc\u00e1ntara Silva y la Secretaria del OMPRI Oaxaca, Liz Acosta.<\/p>\n","protected":false},"excerpt":{"rendered":"<p>Redacci\u00f3n\/Zona Roja. Oaxaca de Ju\u00e1rez, Oax., 30 de mayo de 2021.- El triunfo de To\u00f1o&hellip;<\/p>\n","protected":false},"author":2,"featured_media":27926,"comment_status":"closed","ping_status":"open","sticky":false,"template":"","format":"standard","meta":{"_lmt_disableupdate":"","_lmt_disable":"","_jetpack_memberships_contains_paid_content":false,"footnotes":""},"categories":[109,46],"tags":[2592],"class_list":["post-27925","post","type-post","status-publish","format-standard","has-post-thumbnail","hentry","category-minuto-a-minuto","category-zona-blanca","tag-jose-antonio-hernandez-fraguas"],"jetpack_featured_media_url":"https:\/\/zonaroja.com.mx\/wp-content\/uploads\/2021\/05\/Jose-Antonio-Hernandez-Fraguas-7.jpg","jetpack_sharing_enabled":true,"_links":{"self":[{"href":"https:\/\/zonaroja.com.mx\/index.php?rest_route=\/wp\/v2\/posts\/27925","targetHints":{"allow":["GET"]}}],"collection":[{"href":"https:\/\/zonaroja.com.mx\/index.php?rest_route=\/wp\/v2\/posts"}],"about":[{"href":"https:\/\/zonaroja.com.mx\/index.php?rest_route=\/wp\/v2\/types\/post"}],"author":[{"embeddable":true,"href":"https:\/\/zonaroja.com.mx\/index.php?rest_route=\/wp\/v2\/users\/2"}],"replies":[{"embeddable":true,"href":"https:\/\/zonaroja.com.mx\/index.php?rest_route=%2Fwp%2Fv2%2Fcomments&post=27925"}],"version-history":[{"count":1,"href":"https:\/\/zonaroja.com.mx\/index.php?rest_route=\/wp\/v2\/posts\/27925\/revisions"}],"predecessor-version":[{"id":27927,"href":"https:\/\/zonaroja.com.mx\/index.php?rest_route=\/wp\/v2\/posts\/27925\/revisions\/27927"}],"wp:featuredmedia":[{"embeddable":true,"href":"https:\/\/zonaroja.com.mx\/index.php?rest_route=\/wp\/v2\/media\/27926"}],"wp:attachment":[{"href":"https:\/\/zonaroja.com.mx\/index.php?rest_route=%2Fwp%2Fv2%2Fmedia&parent=27925"}],"wp:term":[{"taxonomy":"category","embeddable":true,"href":"https:\/\/zonaroja.com.mx\/index.php?rest_route=%2Fwp%2Fv2%2Fcategories&post=27925"},{"taxonomy":"post_tag","embeddable":true,"href":"https:\/\/zonaroja.com.mx\/index.php?rest_route=%2Fwp%2Fv2%2Ftags&post=27925"}],"curies":[{"name":"wp","href":"https:\/\/api.w.org\/{rel}","templated":true}]}}