{"id":27936,"date":"2021-05-30T22:15:14","date_gmt":"2021-05-31T03:15:14","guid":{"rendered":"http:\/\/www.zonaroja.com.mx\/?p=27936"},"modified":"2021-05-30T22:15:19","modified_gmt":"2021-05-31T03:15:19","slug":"turismo-y-fomento-cultural-son-clave-en-oaxaca-martinez-neri","status":"publish","type":"post","link":"https:\/\/zonaroja.com.mx\/?p=27936","title":{"rendered":"Turismo y fomento cultural son clave en Oaxaca: Mart\u00ednez Neri"},"content":{"rendered":"\n<p>Redacci\u00f3n\/Zona Roja.<\/p>\n\n\n\n<p>Oaxaca.- El candidato de Morena a la presidencia municipal de Oaxaca de Ju\u00e1rez, Francisco Mart\u00ednez Neri, asegur\u00f3 que cualquier forma de desarrollo tur\u00edstico debe venir potenciado por una vocaci\u00f3n clara de fomento cultural.<\/p>\n\n\n\n<p>\u201cNuestras ra\u00edces multiculturales nos dan identidad y, por ello, debemos poner como piedra angular del desarrollo econ\u00f3mico y tur\u00edstico de la capital, la preservaci\u00f3n y el cuidado tanto de nuestras costumbres como del enorme epicentro cultural que significa Oaxaca para nuestro pa\u00eds y para el mundo\u201d, puntualiz\u00f3 el morenista.<\/p>\n\n\n\n<p>Para Mart\u00ednez Neri, esto eso s\u00f3lo puede ocurrir con la conjunci\u00f3n de un trabajo honesto y comprometido, de la mano de planes eficaces de reactivaci\u00f3n social y econ\u00f3mica frente a la pandemia.<\/p>\n\n\n\n<p>El abanderado de Morena se\u00f1al\u00f3 que en su administraci\u00f3n como presidente municipal, de ganar las elecciones, se privilegiar\u00e1 no s\u00f3lo la recuperaci\u00f3n econ\u00f3mica sino sobre todo la reactivaci\u00f3n de la convivencia social en sus distintas vertientes.<\/p>\n\n\n\n<p>Uno de los aspectos fundamentales que, de acuerdo con sus propuestas son centrales, est\u00e1 enfocado en impulsar el rescate de los espacios p\u00fablicos, las vialidades, los parques y jardines, as\u00ed como el reforzamiento de servicios municipales como el de la recolecci\u00f3n de basura, aseo p\u00fablico y alumbrado, adem\u00e1s de la seguridad p\u00fablica.<\/p>\n\n\n\n<p>Mart\u00ednez Neri lament\u00f3 el estado de abandono que, por a\u00f1os ha prevalecido en la capital oaxaque\u00f1a y se acentu\u00f3 con la pandemia, y explic\u00f3 que derivado de esto se ha incrementado de forma descontrolada el ambulantaje, la invasi\u00f3n de espacios p\u00fablicos que le pertenecen a los oaxaque\u00f1os e incluso el derecho de tr\u00e1nsito que deber\u00edan ejercer cabalmente todos los ciudadanos por la capital.<\/p>\n\n\n\n<p>\u201cLos oaxaque\u00f1os merecemos volver a tener la ciudad portentosa que antes fue nuestra, pero que nos arrebat\u00f3 la indolencia, la corrupci\u00f3n y el oportunismo de sus anteriores gobernantes\u201d, subray\u00f3 el tambi\u00e9n ex Rector de la Universidad Aut\u00f3noma, \u201cal tiempo de considerar que eso s\u00f3lo puede ocurrir con el consenso y trabajo de una ciudadan\u00eda decidida a hacer de esta una mejor ciudad\u201d.<\/p>\n\n\n\n<p>(Informaci\u00f3n de \u201cEl Financiero\u201d)<\/p>\n","protected":false},"excerpt":{"rendered":"<p>Redacci\u00f3n\/Zona Roja. Oaxaca.- El candidato de Morena a la presidencia municipal de Oaxaca de Ju\u00e1rez,&hellip;<\/p>\n","protected":false},"author":2,"featured_media":27937,"comment_status":"closed","ping_status":"open","sticky":false,"template":"","format":"standard","meta":{"_lmt_disableupdate":"","_lmt_disable":"","_jetpack_memberships_contains_paid_content":false,"footnotes":""},"categories":[109,46],"tags":[2418],"class_list":["post-27936","post","type-post","status-publish","format-standard","has-post-thumbnail","hentry","category-minuto-a-minuto","category-zona-blanca","tag-francisco-martinez-neri"],"jetpack_featured_media_url":"https:\/\/zonaroja.com.mx\/wp-content\/uploads\/2021\/05\/Francisco-Martinez-Neri-3.jpg","jetpack_sharing_enabled":true,"_links":{"self":[{"href":"https:\/\/zonaroja.com.mx\/index.php?rest_route=\/wp\/v2\/posts\/27936","targetHints":{"allow":["GET"]}}],"collection":[{"href":"https:\/\/zonaroja.com.mx\/index.php?rest_route=\/wp\/v2\/posts"}],"about":[{"href":"https:\/\/zonaroja.com.mx\/index.php?rest_route=\/wp\/v2\/types\/post"}],"author":[{"embeddable":true,"href":"https:\/\/zonaroja.com.mx\/index.php?rest_route=\/wp\/v2\/users\/2"}],"replies":[{"embeddable":true,"href":"https:\/\/zonaroja.com.mx\/index.php?rest_route=%2Fwp%2Fv2%2Fcomments&post=27936"}],"version-history":[{"count":1,"href":"https:\/\/zonaroja.com.mx\/index.php?rest_route=\/wp\/v2\/posts\/27936\/revisions"}],"predecessor-version":[{"id":27938,"href":"https:\/\/zonaroja.com.mx\/index.php?rest_route=\/wp\/v2\/posts\/27936\/revisions\/27938"}],"wp:featuredmedia":[{"embeddable":true,"href":"https:\/\/zonaroja.com.mx\/index.php?rest_route=\/wp\/v2\/media\/27937"}],"wp:attachment":[{"href":"https:\/\/zonaroja.com.mx\/index.php?rest_route=%2Fwp%2Fv2%2Fmedia&parent=27936"}],"wp:term":[{"taxonomy":"category","embeddable":true,"href":"https:\/\/zonaroja.com.mx\/index.php?rest_route=%2Fwp%2Fv2%2Fcategories&post=27936"},{"taxonomy":"post_tag","embeddable":true,"href":"https:\/\/zonaroja.com.mx\/index.php?rest_route=%2Fwp%2Fv2%2Ftags&post=27936"}],"curies":[{"name":"wp","href":"https:\/\/api.w.org\/{rel}","templated":true}]}}