{"id":27940,"date":"2021-05-31T07:42:10","date_gmt":"2021-05-31T12:42:10","guid":{"rendered":"http:\/\/www.zonaroja.com.mx\/?p=27940"},"modified":"2021-05-31T07:42:18","modified_gmt":"2021-05-31T12:42:18","slug":"opinion-hasta-que-alguien-logro-vencer-al-covid-19-los-politicos","status":"publish","type":"post","link":"https:\/\/zonaroja.com.mx\/?p=27940","title":{"rendered":"Opini\u00f3n. Hasta que alguien logr\u00f3 vencer al Covid-19: los pol\u00edticos"},"content":{"rendered":"\n<p>Ismael Garc\u00eda M.\/Zona Roja.<\/p>\n\n\n\n<p>Oaxaca de Ju\u00e1rez, Oax., 31 de mayo de 2021.- Como este pa\u00eds es de ilusiones y de falsedades, sin dudarlo podemos decir: el Covid-19 ya fue vencido, a menos de un a\u00f1o y medio de su llegada a M\u00e9xico.<\/p>\n\n\n\n<p>S\u00ed, hubo un poder humano &#8211;no cient\u00edfico ni m\u00e9dico&#8211; que logr\u00f3 doblegar a la pandemia m\u00e1s grave y prolongada que hubo en el mundo y que ha dejado, hasta el \u00faltimo d\u00eda de mayo, alrededor de 170 millones de contagiados en el orbe, as\u00ed como m\u00e1s de 3.5 millones de muertes.<\/p>\n\n\n\n<p>En M\u00e9xico, sumaban tambi\u00e9n hasta el fin de mes, 223 mil 507 fallecimiento a causa del virus, as\u00ed como dos millones 412 mil 810 casos confirmados.<\/p>\n\n\n\n<p>Mientras que en Oaxaca, eran ya 47 mil 209 casos confirmados, as\u00ed como tres mil 733 personas fallecidas.<\/p>\n\n\n\n<p>TR\u00c1GICO TRANCE<\/p>\n\n\n\n<p>En recuento elaborado por la reportera de ZONA ROJA, Yuridiana Sosa, detalle el largo y tr\u00e1gico trance de la enfermedad &#8211;que inici\u00f3 en China en diciembre de 2019&#8211; que lleg\u00f3 a Oaxaca a mediados de marzo de 2020:<\/p>\n\n\n\n<p>Ante la estrategia de la semaforizaci\u00f3n epidemiol\u00f3gica para medir la pandemia &#8211;la cual no se aplic\u00f3 desde el inicio&#8211;, Oaxaca ha transitado en dos ocasiones en color rojo de riesgo m\u00e1ximo; cinco en naranja, de riego alto; cuatro veces por color amarillo con riego medio y dos veces en color verde, de riego bajo.<\/p>\n\n\n\n<p>El 29 de junio, el estado entr\u00f3 en sem\u00e1foro rojo por su alto n\u00famero de contagios, a casi tres meses de la presencia de la enfermedad en la entidad.<\/p>\n\n\n\n<p>Poco despu\u00e9s, el 6 de julio ingres\u00f3 al nivel del color naranja, pero de forma pronta, para el 20 de julio volver al color rojo.<\/p>\n\n\n\n<p>Es con esos escenarios de alerta m\u00e1xima y alta que la Guelaguetza 2020 qued\u00f3 suspendida y as\u00ed como las clases escolares, actividades que transitaron a la modalidad en l\u00ednea.<\/p>\n\n\n\n<p>Adem\u00e1s, se comenz\u00f3 la difusi\u00f3n de mutar a una \u201cnueva normalidad\u201d, bajo medidas sanitarias que reg\u00edan las de por s\u00ed limitadas y jornadas de trabajo, lo cual result\u00f3 falsa.<\/p>\n\n\n\n<p>En agosto se transit\u00f3 en color amarillo y para mediados de septiembre al sem\u00e1foro naranja, por el incremento de casos, pero de forma inexplicable retorn\u00f3 en amarillo para el 28 de septiembre.<\/p>\n\n\n\n<p>La inestabilidad en sem\u00e1foro epidemiol\u00f3gico continu\u00f3 desde ese entonces hasta inicios de a\u00f1o, pasando de un color a otro, mientras que la ciudadan\u00eda sent\u00eda que era necesaria la declaratoria de rojo, por la alta movilidad de personas y de casos, pues durante el comienzo del 2021 se percibi\u00f3 un ascenso acelerado de los nuevos contagios.<\/p>\n\n\n\n<p>Tan s\u00f3lo en el transcurso de los primeros d\u00edas del a\u00f1o, el municipio de Oaxaca de Ju\u00e1rez acumul\u00f3 246 nuevos casos, luego de cerrar el 2020 con ocho mil 204 contagios.<\/p>\n\n\n\n<p>El total, de nuevos casos en una semana en la capital represent\u00f3 el 48 por ciento del registro general de nuevos contagios en la entidad con base al informe que los Servicios de Salud de Oaxaca emitieron el 4 de enero.<\/p>\n\n\n\n<p>El incremento de contagios se reflej\u00f3 en la ocupaci\u00f3n del sistema hospitalario Covid en la entidad, con un reporte general del 49.5 por ciento al 53.2 por ciento a nivel general, seg\u00fan los SSO; aunque en algunos nosocomios era del 100 por ciento.<\/p>\n\n\n\n<p>En mayo del a\u00f1o pasado se abri\u00f3 el registro de autoridades municipales que perdieron la vida frente al Covid-19, que a marzo de este a\u00f1o suman 21 ediles fallecidos.<\/p>\n\n\n\n<p>Fue para el 20 de abril, a m\u00e1s de un a\u00f1o de pandemia que el color verde, de bajo riesgo, fue posible en Oaxaca, aunque para el 26 regresaba al amarillo y a partir del 10 de mayo, se declar\u00f3 en verde una vez m\u00e1s, el cual hasta el momento se mantiene activo.<\/p>\n\n\n\n<p>\u00bfTABLA DE SALVACI\u00d3N?<\/p>\n\n\n\n<p>Hace un a\u00f1o, en este mismo espacio vaticinamos una cat\u00e1strofe, literalmente, en el aspecto de salud y en la econom\u00eda del estado.<\/p>\n\n\n\n<p>Tenemos que reconocer que no fue del todo acertado el vaticinio, pues si bien hay duros estragos en la salud de los oaxaque\u00f1os, acaso el sector oficial de salud ha resentido esa crisis, o mejor dicho, no ha habido la atenci\u00f3n oportuna y \u00f3ptima en esa \u00e1rea, para hacer frente a la pandemia.<\/p>\n\n\n\n<p>En cambio, de otros sectores productivos, como el campo y la construcci\u00f3n, no se han visto afectados de forma extrema y de alguna manera, incluso hubo crecimiento econ\u00f3mico en estos \u00faltimos meses, seg\u00fan el Inegi.<\/p>\n\n\n\n<p>Quiz\u00e1 debido a la implementaci\u00f3n del \u201cPlan de Recuperaci\u00f3n Econ\u00f3mica\u201d, anunciado el 7 de abril pasado, y para el cual se invertir\u00edan mil 270 millones de pesos, principalmente en obras de infraestructura p\u00fablica.<\/p>\n\n\n\n<p>Hay que decir tambi\u00e9n, que no se ha aplicado la totalidad de los recursos financieros, que provienen de un pr\u00e9stamo autorizado por el Congreso del Estado desde hace casi dos a\u00f1os. Hay que recalcar que ha habido m\u00faltiples denuncias de presunta corrupci\u00f3n y altos costos en la obra p\u00fablica que a\u00fan se ejecuta.<\/p>\n\n\n\n<p>\u00bfVACUNAS EFECTIVAS?<\/p>\n\n\n\n<p>Por otra parte, el proceso de vacunaci\u00f3n contra Covid-19 para el personal de salud se registr\u00f3 el pasado 13 de enero, pero al paso de cuatro meses, en algunos nosocomios a\u00fan reportan que falta personal de las distintas \u00e1reas en ser inmunizado.<\/p>\n\n\n\n<p>Mientras que el 15 de febrero, con 31 mil vacunas, inici\u00f3 la jornada del Plan de Vacunaci\u00f3n de Adultos Mayores en Oaxaca.<\/p>\n\n\n\n<p>A partir del 9 de marzo, a la llegada del proceso en la capital oaxaque\u00f1a, el caos no se hizo esperar por la falta de organizaci\u00f3n de las autoridades y la desesperaci\u00f3n de la poblaci\u00f3n para ser beneficiada.<\/p>\n\n\n\n<p>Pero, adem\u00e1s, hubo presidentes municipales que se aprovecharon del programa federal para ser protagonistas de un proceso pol\u00edtico, al ser aspirante a una reelecci\u00f3n como edil.<\/p>\n\n\n\n<p>Fue el caso de Oswaldo Garc\u00eda Jarqu\u00edn, presidente de Oaxaca de Ju\u00e1rez por Morena, quien anunci\u00f3 la jornada antes que la autoridad federal.<\/p>\n\n\n\n<p>Mientras que el edil de Santa Luc\u00eda del Camino, Dante Monta\u00f1o, del PT y Morena, encabez\u00f3 manifestaciones violentas en la delegaci\u00f3n de la Secretar\u00eda de Bienestar para exigir el biol\u00f3gico al registrarse un atraso tras agotarse las dosis en la capital.<\/p>\n\n\n\n<p>Tambi\u00e9n realizaron protestas al inicio de la jornada para adultos mayores supuestos habitantes de San Pedro Mixtepec y autoridades municipales del gobierno de Fredy Pineda del PRI, quienes arribaron a la sede de Bienestar, en Santa Luc\u00eda del Camino, de forma violenta.<\/p>\n\n\n\n<p>En la entidad el proceso de vacunaci\u00f3n avanza y se encuentra en la fase de agotar la vacunaci\u00f3n de la poblaci\u00f3n de 50 a 59 a\u00f1os de edad. Seg\u00fan los Servicios de Salud, sin precisar el dato, casi un mill\u00f3n de personas ha sido inmunizadas.<\/p>\n\n\n\n<p>En tanto que en M\u00e9xico hasta finales de mayo, hab\u00edan sido vacunadas 21 millones 636 mil 247 personas, que representa el 24% de la poblaci\u00f3n mayor de 18 a\u00f1os.<\/p>\n\n\n\n<p>MILAGRO POL\u00cdTICO<\/p>\n\n\n\n<p>\u00bfHabr\u00e1 sido el proceso acelerado de vacunaci\u00f3n el que empuj\u00f3 las ansias de los pol\u00edticos por figurar y comenzar a aglomerar a la gente? Las campa\u00f1as para diputados federales, que iniciaron hace casi dos meses, comenzaron discretos, pero a medida que pasaron los d\u00edas, en que arrancaron las jornadas proselitistas por la diputaci\u00f3n local y por las presidencias municipales, la situaci\u00f3n literalmente se convirti\u00f3 en un relajo absoluto, un descontrol.<\/p>\n\n\n\n<p>Apenas este domingo, presenciamos magnos actos pol\u00edticos, principalmente del PAN-PRI-PRD, en la capital, con miles y miles abarrotando calles y la Plaza de la Danza, sin ninguna medida de sanidad.<\/p>\n\n\n\n<p>Aunque en menor cantidad de personas, lo mismo ha pasado con las actividades de Morena y el resto de partidos. A nadie, absolutamente a nadie, le ha importado la salud. Trat\u00e1ndose el pa\u00eds y del estado de Oaxaca.<\/p>\n\n\n\n<p>\u00bfLa autoridad en materia de salud en la entidad? Desde hace mucho que Juan Carlos M\u00e1rquez Heine s\u00f3lo es una figura decorativa en la dependencia estatal y, por supuesto, no ha movido un solo dedo para llamar la atenci\u00f3n a la gente y a los pol\u00edticos a evitar concentraciones masivas, que se intensificar\u00e1n estos primeros d\u00edas de la semana.<\/p>\n\n\n\n<p>En el colmo, insistente, el Presidente Andr\u00e9s Manuel L\u00f3pez Obrador por fin anunci\u00f3, por decisi\u00f3n propia, el inicio de clases en aulas a partir del pr\u00f3ximo lunes 7 de junio.<\/p>\n\n\n\n<p>\u00bfQui\u00e9n ser\u00e1 el responsable de los casos masivos de contagio de Covid-19 una vez que pasen las elecciones? \u00bfPero, adem\u00e1s, habr\u00e1 castigo a esos responsables?<\/p>\n","protected":false},"excerpt":{"rendered":"<p>Ismael Garc\u00eda M.\/Zona Roja. Oaxaca de Ju\u00e1rez, Oax., 31 de mayo de 2021.- Como este&hellip;<\/p>\n","protected":false},"author":2,"featured_media":7610,"comment_status":"closed","ping_status":"open","sticky":false,"template":"","format":"standard","meta":{"_lmt_disableupdate":"","_lmt_disable":"","_jetpack_memberships_contains_paid_content":false,"footnotes":""},"categories":[456,109,48],"tags":[1353],"class_list":["post-27940","post","type-post","status-publish","format-standard","has-post-thumbnail","hentry","category-columna","category-minuto-a-minuto","category-zona-critica","tag-opinion-zona-critica"],"jetpack_featured_media_url":"https:\/\/zonaroja.com.mx\/wp-content\/uploads\/2020\/01\/Opini\u00f3n-Zona-Cr\u00edtica.jpg","jetpack_sharing_enabled":true,"_links":{"self":[{"href":"https:\/\/zonaroja.com.mx\/index.php?rest_route=\/wp\/v2\/posts\/27940","targetHints":{"allow":["GET"]}}],"collection":[{"href":"https:\/\/zonaroja.com.mx\/index.php?rest_route=\/wp\/v2\/posts"}],"about":[{"href":"https:\/\/zonaroja.com.mx\/index.php?rest_route=\/wp\/v2\/types\/post"}],"author":[{"embeddable":true,"href":"https:\/\/zonaroja.com.mx\/index.php?rest_route=\/wp\/v2\/users\/2"}],"replies":[{"embeddable":true,"href":"https:\/\/zonaroja.com.mx\/index.php?rest_route=%2Fwp%2Fv2%2Fcomments&post=27940"}],"version-history":[{"count":1,"href":"https:\/\/zonaroja.com.mx\/index.php?rest_route=\/wp\/v2\/posts\/27940\/revisions"}],"predecessor-version":[{"id":27941,"href":"https:\/\/zonaroja.com.mx\/index.php?rest_route=\/wp\/v2\/posts\/27940\/revisions\/27941"}],"wp:featuredmedia":[{"embeddable":true,"href":"https:\/\/zonaroja.com.mx\/index.php?rest_route=\/wp\/v2\/media\/7610"}],"wp:attachment":[{"href":"https:\/\/zonaroja.com.mx\/index.php?rest_route=%2Fwp%2Fv2%2Fmedia&parent=27940"}],"wp:term":[{"taxonomy":"category","embeddable":true,"href":"https:\/\/zonaroja.com.mx\/index.php?rest_route=%2Fwp%2Fv2%2Fcategories&post=27940"},{"taxonomy":"post_tag","embeddable":true,"href":"https:\/\/zonaroja.com.mx\/index.php?rest_route=%2Fwp%2Fv2%2Ftags&post=27940"}],"curies":[{"name":"wp","href":"https:\/\/api.w.org\/{rel}","templated":true}]}}