{"id":27942,"date":"2021-05-31T07:51:06","date_gmt":"2021-05-31T12:51:06","guid":{"rendered":"http:\/\/www.zonaroja.com.mx\/?p=27942"},"modified":"2021-05-31T07:51:10","modified_gmt":"2021-05-31T12:51:10","slug":"con-respaldo-del-lider-nacional-del-pri-miles-se-pronuncian-por-triunfo-de-villacana","status":"publish","type":"post","link":"https:\/\/zonaroja.com.mx\/?p=27942","title":{"rendered":"Con respaldo del l\u00edder nacional del PRI, miles se pronuncian por triunfo de Villaca\u00f1a"},"content":{"rendered":"\n<p>Redacci\u00f3n\/Zona Roja.<\/p>\n\n\n\n<p>Oaxaca Ju\u00e1rez, Oax., 31 de mayo de 2021.- Una fiesta se volvieron las calles del Centro Hist\u00f3rico con el paso de la Marcha por la Victoria, encabezada por Javier Villaca\u00f1a Jim\u00e9nez, candidato com\u00fan del PAN, PRI y PRD de \u201cVa por Oaxaca\u201d a la presidencia municipal de la capital, as\u00ed como las y los candidatos a diputados federales y locales, y Alejandro Moreno C\u00e1rdenas, l\u00edder nacional del Partido Revolucionario Institucional (PRI).<\/p>\n\n\n\n<p>Luego de caminar ayer por la tarde en un ambiente de algarab\u00eda por la Avenida Ju\u00e1rez, las calles Humboldt, Garc\u00eda Vigil y Morelos, el contingente de miles de mujeres, hombres y j\u00f3venes se concentr\u00f3 en la Plaza de la Danza, espacio emblem\u00e1tico anexo a la sede del Ayuntamiento y donde la fiesta se hizo presente vaticinando el triunfo electoral del 6 de junio.<\/p>\n\n\n\n<p>En presencia del dirigente estatal del PRI, Eviel P\u00e9rez Maga\u00f1a, y las y los candidatos a diputados federales y locales Eufrosina Cruz Mendoza, Mariana Ben\u00edtez, Mariana Nassar, Jos\u00e9 Antonio Hern\u00e1ndez Fraguas, Laura Vign\u00f3n Carre\u00f1o, Giovanna Moreno, Marcos Carrasco y Alejandro Avil\u00e9s, Villaca\u00f1a agradeci\u00f3 el apoyo de todas las personas de diferentes zonas de la ciudad y agencias municipales que durante estos casi 30 d\u00edas de campa\u00f1a han mostrado su simpat\u00eda y arropado su proyecto de gobierno.<\/p>\n\n\n\n<p>Ante una insuficiente Plaza de la Danza y calles aleda\u00f1as y frente a los dirigentes de los partidos Acci\u00f3n Nacional y de la Revoluci\u00f3n Democr\u00e1tica, el pr\u00f3ximo presidente municipal de Oaxaca de Ju\u00e1rez se\u00f1al\u00f3 que ante la realidad pol\u00edtica que vive el pa\u00eds, son los valores, la esencia y la amalgama que da forma a esta alianza por Oaxaca y por la ciudadan\u00eda, cuya finalidad es recuperar espacios y volver a establecer los equilibrios en el contexto social.<\/p>\n\n\n\n<p>En ese sentido destac\u00f3 su propuesta de gobierno integrada por 70 compromisos que versan en el combate frontal a la inseguridad, la simplificaci\u00f3n activa, dr\u00e1stica y el embellecimiento para recuperar la grandeza de nuestra m\u00e1gica capital; adem\u00e1s de la atenci\u00f3n a las mujeres, a los j\u00f3venes y al sector productivo cultural y art\u00edstico.<\/p>\n\n\n\n<p>\u00a0\u201cNuestra motivaci\u00f3n son las familias de todos los que estamos aqu\u00ed y de los que no est\u00e1n, pues sin duda, el escenario futuro no es nada prometedor. Soy como dec\u00eda Nelson Mandela un ganador porque soy un so\u00f1ador que nunca se rinde\u201d, destac\u00f3 Javier Villaca\u00f1a provocando el aplauso de las y los asistentes que garantizaron su voto el 6 de junio.<\/p>\n\n\n\n<figure class=\"wp-block-embed-twitter wp-block-embed is-type-rich is-provider-twitter\"><div class=\"wp-block-embed__wrapper\">\n<div class=\"twitter-tweet\"><blockquote class=\"twitter-tweet\" data-lang=\"es\"><p lang=\"es\" dir=\"ltr\">\u00a1Las familias oaxaque\u00f1as saben que los gobiernos del PRI son de resultados, por eso conf\u00edan en nuestra coalici\u00f3n y respaldan a nuestros candidatos y candidatas! \u00a1Vamos unidos a defender <a href=\"https:\/\/twitter.com\/hashtag\/Oaxaca?src=hash&amp;ref_src=twsrc%5Etfw\">#Oaxaca<\/a>, para garantizar un futuro con rumbo para todos! \u00a1El 6 de junio <a href=\"https:\/\/twitter.com\/hashtag\/VotaPRI?src=hash&amp;ref_src=twsrc%5Etfw\">#VotaPRI<\/a>! \ud83d\udc4a\ud83c\udffc\ud83c\uddf2\ud83c\uddfd <a href=\"https:\/\/t.co\/4xBthrsRvf\">pic.twitter.com\/4xBthrsRvf<\/a><\/p>&mdash; Alejandro Moreno (@alitomorenoc) <a href=\"https:\/\/twitter.com\/alitomorenoc\/status\/1399209520900018176?ref_src=twsrc%5Etfw\">31 de mayo de 2021<\/a><\/blockquote><\/div>\n<\/div><\/figure>\n\n\n\n<p>ESTADISTA NATO<\/p>\n\n\n\n<p>En tanto, Alejandro Moreno, dirigente nacional de PRI, hizo un reconocimiento al liderazgo de Javier Villaca\u00f1a, a quien consider\u00f3 un estadista nato con un proyecto s\u00f3lido y determinante para retomar el rumbo del desarrollo y la prosperidad para Oaxaca de Ju\u00e1rez.<\/p>\n\n\n\n<p>\u201cJavier, cuenta con el respaldo del PRI nacional y con la certeza que la victoria que hoy auguramos, el pr\u00f3ximo domingo ser\u00e1 una realidad. Este triunfo es imparable\u201d, puntualiz\u00f3 en medio de un auditorio que este domingo comenz\u00f3 a festejar el inicio de un mejor tiempo para Oaxaca de Ju\u00e1rez.<\/p>\n\n\n\n<p>Acompa\u00f1ados por la m\u00fasica, chinas oaxaque\u00f1as, marmotas, pancartas y miles de personas con las medidas sanitarias pertinentes, Villaca\u00f1a Jim\u00e9nez, Alejandro Moreno y aspirantes a diversos cargos de representaci\u00f3n popular, iniciaron su recorrido en el Paseo Ju\u00e1rez, recibiendo muestras de apoyo y reafirmando compromisos con la ciudadan\u00eda.<\/p>\n\n\n\n<p>El \u00e1nimo por el triunfo contagiaba a personas de todas las edades que aseguraron han comprobado la capacidad y experiencia para gobernar de Javier Villaca\u00f1a. \u201cHace cinco a\u00f1os tuvimos la autoridad municipal que merecemos y la queremos de vuelta\u201d, afirmaban.<\/p>\n\n\n\n<figure class=\"wp-block-embed-twitter wp-block-embed is-type-rich is-provider-twitter\"><div class=\"wp-block-embed__wrapper\">\n<div class=\"twitter-tweet\"><blockquote class=\"twitter-tweet\" data-lang=\"es\"><p lang=\"es\" dir=\"ltr\">Los gobiernos priistas se caracterizan por los resultados y por la cercan\u00eda con la ciudadan\u00eda, este 6 de junio vamos con todo para ganar.<a href=\"https:\/\/twitter.com\/hashtag\/VotaPRI?src=hash&amp;ref_src=twsrc%5Etfw\">#VotaPRI<\/a> para que el desarrollo del estado siga a trav\u00e9s de nuestros gobiernos. <a href=\"https:\/\/t.co\/Jbk6G2jZly\">pic.twitter.com\/Jbk6G2jZly<\/a><\/p>&mdash; PRI (@PRI_Nacional) <a href=\"https:\/\/twitter.com\/PRI_Nacional\/status\/1399204119555022853?ref_src=twsrc%5Etfw\">31 de mayo de 2021<\/a><\/blockquote><\/div>\n<\/div><\/figure>\n","protected":false},"excerpt":{"rendered":"<p>Redacci\u00f3n\/Zona Roja. Oaxaca Ju\u00e1rez, Oax., 31 de mayo de 2021.- Una fiesta se volvieron las&hellip;<\/p>\n","protected":false},"author":2,"featured_media":27943,"comment_status":"closed","ping_status":"open","sticky":false,"template":"","format":"standard","meta":{"_lmt_disableupdate":"","_lmt_disable":"","_jetpack_memberships_contains_paid_content":false,"footnotes":""},"categories":[109,46],"tags":[2456],"class_list":["post-27942","post","type-post","status-publish","format-standard","has-post-thumbnail","hentry","category-minuto-a-minuto","category-zona-blanca","tag-javier-villacana-jimenez"],"jetpack_featured_media_url":"https:\/\/zonaroja.com.mx\/wp-content\/uploads\/2021\/05\/30-MAYO-Marcha-por-la-victoria2.jpeg","jetpack_sharing_enabled":true,"_links":{"self":[{"href":"https:\/\/zonaroja.com.mx\/index.php?rest_route=\/wp\/v2\/posts\/27942","targetHints":{"allow":["GET"]}}],"collection":[{"href":"https:\/\/zonaroja.com.mx\/index.php?rest_route=\/wp\/v2\/posts"}],"about":[{"href":"https:\/\/zonaroja.com.mx\/index.php?rest_route=\/wp\/v2\/types\/post"}],"author":[{"embeddable":true,"href":"https:\/\/zonaroja.com.mx\/index.php?rest_route=\/wp\/v2\/users\/2"}],"replies":[{"embeddable":true,"href":"https:\/\/zonaroja.com.mx\/index.php?rest_route=%2Fwp%2Fv2%2Fcomments&post=27942"}],"version-history":[{"count":1,"href":"https:\/\/zonaroja.com.mx\/index.php?rest_route=\/wp\/v2\/posts\/27942\/revisions"}],"predecessor-version":[{"id":27944,"href":"https:\/\/zonaroja.com.mx\/index.php?rest_route=\/wp\/v2\/posts\/27942\/revisions\/27944"}],"wp:featuredmedia":[{"embeddable":true,"href":"https:\/\/zonaroja.com.mx\/index.php?rest_route=\/wp\/v2\/media\/27943"}],"wp:attachment":[{"href":"https:\/\/zonaroja.com.mx\/index.php?rest_route=%2Fwp%2Fv2%2Fmedia&parent=27942"}],"wp:term":[{"taxonomy":"category","embeddable":true,"href":"https:\/\/zonaroja.com.mx\/index.php?rest_route=%2Fwp%2Fv2%2Fcategories&post=27942"},{"taxonomy":"post_tag","embeddable":true,"href":"https:\/\/zonaroja.com.mx\/index.php?rest_route=%2Fwp%2Fv2%2Ftags&post=27942"}],"curies":[{"name":"wp","href":"https:\/\/api.w.org\/{rel}","templated":true}]}}