{"id":27948,"date":"2021-05-31T08:08:28","date_gmt":"2021-05-31T13:08:28","guid":{"rendered":"http:\/\/www.zonaroja.com.mx\/?p=27948"},"modified":"2021-05-31T08:08:49","modified_gmt":"2021-05-31T13:08:49","slug":"martinez-neri-de-morena-con-amplia-ventaja-en-eleccion-para-oaxaca-capital","status":"publish","type":"post","link":"https:\/\/zonaroja.com.mx\/?p=27948","title":{"rendered":"Mart\u00ednez Neri, de Morena, con amplia ventaja en elecci\u00f3n para Oaxaca capital"},"content":{"rendered":"\n<p>Redacci\u00f3n\/Zona Roja Cdmx.<\/p>\n\n\n\n<p>Ciudad de M\u00e9xico, 31 de mayo de 2021.- Si hoy fueran las elecciones por la presidencia municipal de Oaxaca, el candidato de Morena, Francisco Mart\u00ednez Neri, ganar\u00eda por una amplia ventaja.<\/p>\n\n\n\n<p>De acuerdo con la encuesta m\u00e1s reciente de Enkoll, fechada el 30 de mayo, el candidato morenista ganar\u00eda por 46 por ciento, mientras que su rival m\u00e1s cercano, Javier Villaca\u00f1a, de la alianza PAN, PRI y PRD, se quedar\u00eda solo con el 29 por ciento de los votos.<\/p>\n\n\n\n<p>A una semana de las campa\u00f1as en esta entidad, Mart\u00ednez Neri tambi\u00e9n cuenta con una buena opini\u00f3n entre los electores, quienes lo califican con 39.<\/p>\n\n\n\n<p>A la pregunta de qu\u00e9 tan probable es que acudan a votar el pr\u00f3ximo domingo 6 de junio, el 69 por ciento de los entrevistados dijo que emitir\u00e1 su sufragio.<\/p>\n\n\n\n<p>En el estado de Oaxaca se votar\u00e1n 195 cargos de elecci\u00f3n popular, entre ellos diputaciones y ayuntamientos, pero no son los \u00fanicos.<\/p>\n\n\n\n<p>Los poco m\u00e1s de 3 millones de oaxaquenses dentro del padr\u00f3n electoral podr\u00e1n votar por 25 diputaciones de mayor\u00eda relativa, 153 presidencias municipales y 1,070 regidur\u00edas. Tambi\u00e9n se renovar\u00e1n 162 sindicaturas y 17 diputaciones de representaci\u00f3n proporcional.<\/p>\n\n\n\n<p>Se trata de las elecciones m\u00e1s grandes de la historia en M\u00e9xico, con miles de cargos p\u00fablicos, incluidos legisladores federales y 15 gobernadores.<\/p>\n","protected":false},"excerpt":{"rendered":"<p>Redacci\u00f3n\/Zona Roja Cdmx. Ciudad de M\u00e9xico, 31 de mayo de 2021.- Si hoy fueran las&hellip;<\/p>\n","protected":false},"author":2,"featured_media":27949,"comment_status":"closed","ping_status":"open","sticky":false,"template":"","format":"standard","meta":{"_lmt_disableupdate":"","_lmt_disable":"","_jetpack_memberships_contains_paid_content":false,"footnotes":""},"categories":[109,46],"tags":[2418],"class_list":["post-27948","post","type-post","status-publish","format-standard","has-post-thumbnail","hentry","category-minuto-a-minuto","category-zona-blanca","tag-francisco-martinez-neri"],"jetpack_featured_media_url":"https:\/\/zonaroja.com.mx\/wp-content\/uploads\/2021\/05\/Encuesta-Martinez-Neri.jpg","jetpack_sharing_enabled":true,"_links":{"self":[{"href":"https:\/\/zonaroja.com.mx\/index.php?rest_route=\/wp\/v2\/posts\/27948","targetHints":{"allow":["GET"]}}],"collection":[{"href":"https:\/\/zonaroja.com.mx\/index.php?rest_route=\/wp\/v2\/posts"}],"about":[{"href":"https:\/\/zonaroja.com.mx\/index.php?rest_route=\/wp\/v2\/types\/post"}],"author":[{"embeddable":true,"href":"https:\/\/zonaroja.com.mx\/index.php?rest_route=\/wp\/v2\/users\/2"}],"replies":[{"embeddable":true,"href":"https:\/\/zonaroja.com.mx\/index.php?rest_route=%2Fwp%2Fv2%2Fcomments&post=27948"}],"version-history":[{"count":1,"href":"https:\/\/zonaroja.com.mx\/index.php?rest_route=\/wp\/v2\/posts\/27948\/revisions"}],"predecessor-version":[{"id":27950,"href":"https:\/\/zonaroja.com.mx\/index.php?rest_route=\/wp\/v2\/posts\/27948\/revisions\/27950"}],"wp:featuredmedia":[{"embeddable":true,"href":"https:\/\/zonaroja.com.mx\/index.php?rest_route=\/wp\/v2\/media\/27949"}],"wp:attachment":[{"href":"https:\/\/zonaroja.com.mx\/index.php?rest_route=%2Fwp%2Fv2%2Fmedia&parent=27948"}],"wp:term":[{"taxonomy":"category","embeddable":true,"href":"https:\/\/zonaroja.com.mx\/index.php?rest_route=%2Fwp%2Fv2%2Fcategories&post=27948"},{"taxonomy":"post_tag","embeddable":true,"href":"https:\/\/zonaroja.com.mx\/index.php?rest_route=%2Fwp%2Fv2%2Ftags&post=27948"}],"curies":[{"name":"wp","href":"https:\/\/api.w.org\/{rel}","templated":true}]}}