{"id":27951,"date":"2021-05-31T08:14:20","date_gmt":"2021-05-31T13:14:20","guid":{"rendered":"http:\/\/www.zonaroja.com.mx\/?p=27951"},"modified":"2021-05-31T15:53:17","modified_gmt":"2021-05-31T20:53:17","slug":"aprueba-el-ieepco-sustitucion-de-lizbeth-victoria-en-nochixtlan","status":"publish","type":"post","link":"https:\/\/zonaroja.com.mx\/?p=27951","title":{"rendered":"Aprueba el IEEPCO sustituci\u00f3n de Lizbeth Victoria en Nochixtl\u00e1n"},"content":{"rendered":"\n<p>Redacci\u00f3n\/Zona Roja.<\/p>\n\n\n\n<p>Oaxaca de Ju\u00e1rez, Oax., 31 de mayo de 2021.- El Consejo General del Instituto Estatal Electoral y de Participaci\u00f3n Ciudadana de Oaxaca (IEEPCO), mediante acuerdo IEEPCO-CG-83\/2021, aprob\u00f3 37 sustituciones de candidaturas a Diputaciones al Congreso del Estado y concejal\u00edas a los Ayuntamientos para el Proceso Electoral Ordinario (PEO) 2020-2021.&nbsp;<\/p>\n\n\n\n<p>En el acuerdo se analiza, particularmente, la solicitud de sustituci\u00f3n de Lizbeth Victoria Huerta como candidata a la primera concejal\u00eda propietaria en el municipio de Asunci\u00f3n Nochixtl\u00e1n, presentada por el partido pol\u00edtico Morena, argumentando la existencia de un auto de vinculaci\u00f3n a proceso, con prisi\u00f3n preventiva oficiosa, en contra de la ciudadana referida.&nbsp;<\/p>\n\n\n\n<p>Al hacer el an\u00e1lisis correspondiente, el Consejo General observ\u00f3 que Victoria Huerta efectivamente cuenta con la limitaci\u00f3n de hab\u00e9rsele privado de su libertad, en consecuencia no contin\u00faa con el uso y goce de sus derechos a la participaci\u00f3n pol\u00edtica; por lo anterior, y al contemplar que fue el propio partido postulante quien solicit\u00f3 la sustituci\u00f3n de la ciudadana, el IEEPCO consider\u00f3 procedente aprobarla, quedando como candidata a primer concejal\u00eda en el municipio la ciudadana Wendolin Llanos L\u00f3pez.<\/p>\n\n\n\n<p>Por su parte, del acuerdo IEEPCO-CG-81\/2021, se desprende que la coalici\u00f3n \u201cVa por Oaxaca\u201d present\u00f3 la solicitud de registro de la f\u00f3rmula de diputaciones de personas j\u00f3venes, en cumplimientos a lo ordenado por el Tribunal Electoral del Estado de Oaxaca (TEEO), en el expediente JDC\/144\/2021.&nbsp;<\/p>\n\n\n\n<p>Lo anterior, luego de que el IEEPCO le requiriera a la Coalici\u00f3n para que dentro del plazo 48 horas, tal como lo se\u00f1al\u00f3 el TEEO en la citada sentencia, postulara a una f\u00f3rmula de diputaciones de personas j\u00f3venes. Ante ello, una vez analizada la solicitud de registro presentada, el Consejo General consider\u00f3 que no es procedente pronunciarse respeto de la solicitud de registro de diputaciones j\u00f3venes en el 14 Distrito Electoral Local con cabecera en Oaxaca de Ju\u00e1rez.<\/p>\n\n\n\n<p>Y es que, como se\u00f1ala el acuerdo 81\/2021, existe una orden directa del TEEO de otorgar el registro a Ver\u00f3nica Delia L\u00f3pez Rivera, como candidata a diputada propietaria en dicho Distritito Electoral, hecho que se concret\u00f3 mediante acuerdo IEEPCO-CG-77\/2021. Por consiguiente, el IEEPCO al observar que la coalici\u00f3n solicit\u00f3 el registro de otra f\u00f3rmula en ese mismo Distrito, consider\u00f3 como no procedente pronunciarse respecto de la solicitud planteada, puesto que se intenta realizar la sustituci\u00f3n de la ciudadana que fue registrada en cumplimiento a lo ordenado por el Tribunal.<\/p>\n\n\n\n<p>En consecuencia, el IEEPCO acord\u00f3 remitir la documentaci\u00f3n presentada al TEEO para que, en el \u00e1mbito de sus atribuciones, determine lo procedente.&nbsp;<\/p>\n\n\n\n<p>Finalmente, el Instituto electoral local aprob\u00f3 el registro de Felipe Arturo Bautista Cruz, como candidato a primer concejal propietario del Municipio de Villa de Etla, postulado por el Partido Verde Ecologista de M\u00e9xico, en cumplimiento a lo ordenado por la Sala Regional Xalapa del Tribunal Electoral del Poder Judicial de la Federaci\u00f3n en los expedientes SX-JRC-76\/2021 Y SX-JDC-1103\/2021 y acumulados.<\/p>\n","protected":false},"excerpt":{"rendered":"<p>Redacci\u00f3n\/Zona Roja. Oaxaca de Ju\u00e1rez, Oax., 31 de mayo de 2021.- El Consejo General del&hellip;<\/p>\n","protected":false},"author":2,"featured_media":27306,"comment_status":"closed","ping_status":"open","sticky":false,"template":"","format":"standard","meta":{"_lmt_disableupdate":"","_lmt_disable":"","_jetpack_memberships_contains_paid_content":false,"footnotes":""},"categories":[109,47],"tags":[2083],"class_list":["post-27951","post","type-post","status-publish","format-standard","has-post-thumbnail","hentry","category-minuto-a-minuto","category-zona-gris","tag-lizbeth-victoria-huerta"],"jetpack_featured_media_url":"https:\/\/zonaroja.com.mx\/wp-content\/uploads\/2021\/05\/Lizbeth-Victoria-H.-2.jpg","jetpack_sharing_enabled":true,"_links":{"self":[{"href":"https:\/\/zonaroja.com.mx\/index.php?rest_route=\/wp\/v2\/posts\/27951","targetHints":{"allow":["GET"]}}],"collection":[{"href":"https:\/\/zonaroja.com.mx\/index.php?rest_route=\/wp\/v2\/posts"}],"about":[{"href":"https:\/\/zonaroja.com.mx\/index.php?rest_route=\/wp\/v2\/types\/post"}],"author":[{"embeddable":true,"href":"https:\/\/zonaroja.com.mx\/index.php?rest_route=\/wp\/v2\/users\/2"}],"replies":[{"embeddable":true,"href":"https:\/\/zonaroja.com.mx\/index.php?rest_route=%2Fwp%2Fv2%2Fcomments&post=27951"}],"version-history":[{"count":1,"href":"https:\/\/zonaroja.com.mx\/index.php?rest_route=\/wp\/v2\/posts\/27951\/revisions"}],"predecessor-version":[{"id":27953,"href":"https:\/\/zonaroja.com.mx\/index.php?rest_route=\/wp\/v2\/posts\/27951\/revisions\/27953"}],"wp:featuredmedia":[{"embeddable":true,"href":"https:\/\/zonaroja.com.mx\/index.php?rest_route=\/wp\/v2\/media\/27306"}],"wp:attachment":[{"href":"https:\/\/zonaroja.com.mx\/index.php?rest_route=%2Fwp%2Fv2%2Fmedia&parent=27951"}],"wp:term":[{"taxonomy":"category","embeddable":true,"href":"https:\/\/zonaroja.com.mx\/index.php?rest_route=%2Fwp%2Fv2%2Fcategories&post=27951"},{"taxonomy":"post_tag","embeddable":true,"href":"https:\/\/zonaroja.com.mx\/index.php?rest_route=%2Fwp%2Fv2%2Ftags&post=27951"}],"curies":[{"name":"wp","href":"https:\/\/api.w.org\/{rel}","templated":true}]}}