{"id":27955,"date":"2021-05-31T13:29:41","date_gmt":"2021-05-31T18:29:41","guid":{"rendered":"https:\/\/www.zonaroja.com.mx\/?p=27955"},"modified":"2021-05-31T13:37:57","modified_gmt":"2021-05-31T18:37:57","slug":"denuncian-atentado-contra-candidato-en-san-francisco-del-mar-acusan-al-pri","status":"publish","type":"post","link":"https:\/\/zonaroja.com.mx\/?p=27955","title":{"rendered":"Denuncian atentado contra candidato en San Francisco del Mar; acusan al PRI"},"content":{"rendered":"\n<p class=\"MsoNormal\">Yuridiana Sosa\/Zona Roja.&nbsp;<\/p>\n\n\n\n<p class=\"MsoNormal\">Oaxaca de Ju\u00e1rez, Oax., 31 de mayo de 2021.- A menos de una semana de la jornada electoral, la violencia pol\u00edtica en Oaxaca contin\u00faa y ahora el partido Redes Sociales Progresistas (RSP) denunci\u00f3 que el candidato a la presidencia municipal de San Francisco del Mar, Pedro Enr\u00edquez Mart\u00ednez, fue v\u00edctima de un atentado contra su vida la madrugada de <a href=\"\/\/1\">este lunes<\/a>. <\/p>\n\n\n\n<p class=\"MsoNormal\">La dirigencia del partido en Oaxaca conden\u00f3 los actos violentos contra su postulado en la regi\u00f3n del Istmo y exigi\u00f3 a la Fiscal\u00eda General de Oaxaca una inmediata y pronta investigaci\u00f3n para detener y castigar a los autores intelectuales y materiales del hecho.<\/p>\n\n\n\n<p class=\"MsoNormal\">La denuncia se realiz\u00f3 por medio de un comunicado, donde insisti\u00f3 a la Fiscal\u00eda de Oaxaca que la investigaci\u00f3n se lleve bajo los principios de justicia e igualdad y no de influencias pol\u00edticas.<\/p>\n\n\n\n<p class=\"MsoNormal\">Llam\u00f3 a los diferentes partidos pol\u00edticos a realizar todas las acciones para mantener un ambiente de paz, en lo que resta del proceso electoral, pues los actos de violencia adem\u00e1s de atentar contra la vida de los candidatos y candidatas, tambi\u00e9n atentan contra el derecho a votar de la ciudadan\u00eda.<\/p>\n\n\n\n<p><div class=\"twitter-tweet\"><blockquote class=\"twitter-tweet\" data-lang=\"es\"><p lang=\"es\" dir=\"ltr\"><a href=\"https:\/\/twitter.com\/hashtag\/%C3%9AltimoMinuto?src=hash&amp;ref_src=twsrc%5Etfw\">#\u00daltimoMinuto<\/a> <br>Estas son las personas detenidas en San Francisco del Mar, <a href=\"https:\/\/twitter.com\/hashtag\/Oaxaca?src=hash&amp;ref_src=twsrc%5Etfw\">#Oaxaca<\/a>, que presuntamente intentaron agredir a un candidato a edil. Inicialmente se dijo que eran elementos de la <a href=\"https:\/\/twitter.com\/AEI_Oaxaca?ref_src=twsrc%5Etfw\">@AEI_Oaxaca<\/a>, lo cual no ha confirmado la <a href=\"https:\/\/twitter.com\/FISCALIA_GobOax?ref_src=twsrc%5Etfw\">@FISCALIA_GobOax<\/a>. <a href=\"https:\/\/t.co\/KhdrvQ0IH1\">pic.twitter.com\/KhdrvQ0IH1<\/a><\/p>&mdash; Zona Roja Oaxaca (@Zona_Roja_Oax) <a href=\"https:\/\/twitter.com\/Zona_Roja_Oax\/status\/1399412645263024137?ref_src=twsrc%5Etfw\">31 de mayo de 2021<\/a><\/blockquote><\/div><\/p>\n\n\n\n<p class=\"MsoNormal\">IDENTIFICAN A AGRESORES<\/p>\n\n\n\n<p class=\"MsoNormal\">Por medio de un video, se difundi\u00f3 sobre la detenci\u00f3n de dos varones que presuntamente participaron en el atentado, del cual no se detall\u00f3 el lugar y circunstancias del hecho.<\/p>\n\n\n\n<p class=\"MsoNormal\">Los detenidos, quienes portaban un arma de fuego, se identificaron como Javier Luis pineda y Daniel L\u00f3pez, y se\u00f1alaron que fueron enviados por l\u00edderes del Partido Revolucionario Institucional (PRI).<\/p>\n\n\n\n<p class=\"MsoNormal\">Javier, quien supuestamente dispar\u00f3, confes\u00f3 que lo mand\u00f3 H\u00e9ctor Cabrera del PRI, el cual es liderado por Melit\u00f3n Vargas.<\/p>\n\n\n\n<p class=\"MsoNormal\">El joven agreg\u00f3 que fue amenazado para realizar la agresi\u00f3n, pues de no hacerlo ser\u00eda agredido \u00e9l y su hermano.&nbsp;<\/p>\n\n\n\n<p class=\"MsoNormal\">Mientras que Daniel mencion\u00f3 que tambi\u00e9n est\u00e1 involucrado un hombre \u201cfamilia de Camilo\u201d.<\/p>\n\n\n\n<p>Inicialmente se hab\u00eda informado que ellos retenidos eran elementos de la Agencia Estatal de Investigaciones (AEI); la Fiscal\u00eda General del Estado no ha negado ni confirmado el hecho. <\/p>\n","protected":false},"excerpt":{"rendered":"<p>Yuridiana Sosa\/Zona Roja.&nbsp; Oaxaca de Ju\u00e1rez, Oax., 31 de mayo de 2021.- A menos de&hellip;<\/p>\n","protected":false},"author":2,"featured_media":27954,"comment_status":"closed","ping_status":"open","sticky":false,"template":"","format":"standard","meta":{"_lmt_disableupdate":"","_lmt_disable":"","_jetpack_memberships_contains_paid_content":false,"footnotes":""},"categories":[109,47],"tags":[954],"class_list":["post-27955","post","type-post","status-publish","format-standard","has-post-thumbnail","hentry","category-minuto-a-minuto","category-zona-gris","tag-san-francisco-del-mar"],"jetpack_featured_media_url":"https:\/\/zonaroja.com.mx\/wp-content\/uploads\/2021\/05\/4017fb42-1a17-4179-8352-91dcad3c001b.jpg","jetpack_sharing_enabled":true,"_links":{"self":[{"href":"https:\/\/zonaroja.com.mx\/index.php?rest_route=\/wp\/v2\/posts\/27955","targetHints":{"allow":["GET"]}}],"collection":[{"href":"https:\/\/zonaroja.com.mx\/index.php?rest_route=\/wp\/v2\/posts"}],"about":[{"href":"https:\/\/zonaroja.com.mx\/index.php?rest_route=\/wp\/v2\/types\/post"}],"author":[{"embeddable":true,"href":"https:\/\/zonaroja.com.mx\/index.php?rest_route=\/wp\/v2\/users\/2"}],"replies":[{"embeddable":true,"href":"https:\/\/zonaroja.com.mx\/index.php?rest_route=%2Fwp%2Fv2%2Fcomments&post=27955"}],"version-history":[{"count":2,"href":"https:\/\/zonaroja.com.mx\/index.php?rest_route=\/wp\/v2\/posts\/27955\/revisions"}],"predecessor-version":[{"id":27957,"href":"https:\/\/zonaroja.com.mx\/index.php?rest_route=\/wp\/v2\/posts\/27955\/revisions\/27957"}],"wp:featuredmedia":[{"embeddable":true,"href":"https:\/\/zonaroja.com.mx\/index.php?rest_route=\/wp\/v2\/media\/27954"}],"wp:attachment":[{"href":"https:\/\/zonaroja.com.mx\/index.php?rest_route=%2Fwp%2Fv2%2Fmedia&parent=27955"}],"wp:term":[{"taxonomy":"category","embeddable":true,"href":"https:\/\/zonaroja.com.mx\/index.php?rest_route=%2Fwp%2Fv2%2Fcategories&post=27955"},{"taxonomy":"post_tag","embeddable":true,"href":"https:\/\/zonaroja.com.mx\/index.php?rest_route=%2Fwp%2Fv2%2Ftags&post=27955"}],"curies":[{"name":"wp","href":"https:\/\/api.w.org\/{rel}","templated":true}]}}