{"id":27958,"date":"2021-05-31T15:45:51","date_gmt":"2021-05-31T20:45:51","guid":{"rendered":"http:\/\/www.zonaroja.com.mx\/?p=27958"},"modified":"2021-05-31T15:45:54","modified_gmt":"2021-05-31T20:45:54","slug":"dos-anos-impune-caso-de-medico-asesinado-en-istmo-recriminan-a-ex-fiscal-vasconcelos","status":"publish","type":"post","link":"https:\/\/zonaroja.com.mx\/?p=27958","title":{"rendered":"Dos a\u00f1os impune caso de m\u00e9dico asesinado en Istmo; recriminan a ex fiscal Vasconcelos"},"content":{"rendered":"\n<p>Evlin Arag\u00f3n\/Zona Roja.<\/p>\n\n\n\n<p>Oaxaca de Ju\u00e1rez, Oax., 31 de mayo de 2021.- A dos a\u00f1os del asesinato del m\u00e9dico Miguel \u00c1ngel Mart\u00ednez Cruz, familiares mantienen la exigencia de justicia ante una autoridad que, como en muchas otras ocasiones, ha sido omisa en su obligaci\u00f3n de procurar y garantizar el acceso a la justicia de las v\u00edctimas de delitos.&nbsp;<\/p>\n\n\n\n<p>En conferencia de prensa, Pedro Ignacio Mart\u00ednez Noriega, padre del m\u00e9dico asesinado, lamento que tras 24 meses de los hechos no existan avances en una serie de agravios de los que fue v\u00edctima su hijo, ya que no s\u00f3lo le arrebataron la vida, tambi\u00e9n se configuran delitos como desaparici\u00f3n forzada, incineraci\u00f3n de su camioneta, robo de pertenencias, robo a casa habitaci\u00f3n y retiro de dinero de cuentas bancarias.&nbsp;<\/p>\n\n\n\n<p>De manera espec\u00edfica, cuestion\u00f3 el actuar de Rub\u00e9n Vasconcelos M\u00e9ndez, al frente de la Fiscal\u00eda General del Estado de Oaxaca, la cual dijo no fue satisfactoria pese a conocer del caso y comprometerse a darle atenci\u00f3n puntual, por el contrario, se concentr\u00f3 en casos emblem\u00e1ticos y medi\u00e1ticos debido a la presi\u00f3n social.&nbsp;&nbsp;<\/p>\n\n\n\n<p>\u201cNo s\u00e9 c\u00f3mo ha evaluado la sociedad oaxaque\u00f1a la gesti\u00f3n del Dr. Rub\u00e9n Vasconcelos M\u00e9ndez en la Fiscal\u00eda General del Estado, pero particularmente para m\u00ed, su actuaci\u00f3n no fue satisfactoria, puesto que en el asesinato de mi hijo el doctor Migue \u00c1ngel no hubo ning\u00fan resultado positivo\u201d, refiri\u00f3 en conferencia de prensa.&nbsp;<\/p>\n\n\n\n<p>En este mismo sentido, detall\u00f3 que el caso de su hijo sirvi\u00f3 para darse cuenta de las grandes carencias con las que cuenta la Fiscal\u00eda: falta de veh\u00edculos, vi\u00e1ticos, material de oficina, insumos para peritos, persona de investigaci\u00f3n, altas cargas de trabajo, entre muchas m\u00e1s.&nbsp;&nbsp;<\/p>\n\n\n\n<p>\u201cComo funcionario me qued\u00f3 a deber el doctor Rub\u00e9n Vasconcelos M\u00e9ndez\u201d, sentenci\u00f3. Mientras tanto, casi de manera simult\u00e1nea se anunciaba que el ex fiscal fue premiado este lunes d\u00e1ndole la titularidad de la Secretar\u00eda de Bienestar (Sebien).<\/p>\n\n\n\n<figure class=\"wp-block-embed-twitter wp-block-embed is-type-rich is-provider-twitter\"><div class=\"wp-block-embed__wrapper\">\n<div class=\"twitter-tweet\"><blockquote class=\"twitter-tweet\" data-lang=\"es\"><p lang=\"es\" dir=\"ltr\"><a href=\"https:\/\/twitter.com\/hashtag\/%C3%9AltimoMinuto?src=hash&amp;ref_src=twsrc%5Etfw\">#\u00daltimoMinuto<\/a> <br>A dos a\u00f1os del crimen del m\u00e9dico Miguel \u00c1ngel Mart\u00ednez Cruz, quien laboraba en un hospital de Salina Cruz, <a href=\"https:\/\/twitter.com\/hashtag\/Oaxaca?src=hash&amp;ref_src=twsrc%5Etfw\">#Oaxaca<\/a>, el caso permanece en la impunidad, denuncia la familia Mart\u00ednez Noriega. <a href=\"https:\/\/t.co\/8suodynbKS\">pic.twitter.com\/8suodynbKS<\/a><\/p>&mdash; Zona Roja Oaxaca (@Zona_Roja_Oax) <a href=\"https:\/\/twitter.com\/Zona_Roja_Oax\/status\/1399401492981878786?ref_src=twsrc%5Etfw\">31 de mayo de 2021<\/a><\/blockquote><\/div>\n<\/div><\/figure>\n\n\n\n<p>Pedro Ignacio Mart\u00ednez Noriega lament\u00f3 que sea otro fiscal -Arturo Peimbert Calvo- el que tenga que arreglar lo que no pudo el anterior, lo cual dijo de alguna forma lo alienta ya que existe la posibilidad de que el asesinato de su hijo se resuelva.&nbsp;<\/p>\n\n\n\n<p>\u201cEs lamentable de mi parte que despu\u00e9s de 21 meses, el doctor Rub\u00e9n Vasconcelos M\u00e9ndez no me haya entregado ning\u00fan resultado y hoy el licenciado Arturo de Jes\u00fas Peimbert Calvo le toque asumir la responsabilidad de ese tiempo, empieza la soluci\u00f3n del caso del doctor Miguel \u00c1ngel con menos 21 meses\u201d, sentenci\u00f3.&nbsp;<\/p>\n\n\n\n<p>Finalmente, anunci\u00f3 que ha solicitado a los sindicatos del IMSS (en donde estaba adscrito \u00e9l m\u00e9dico) y de la Secci\u00f3n 22 que tomen como suya la exigencia de justicia y castigo a los responsables del doctor que fue secuestrado y asesinado con arma blanca el 31 de mayo del 2019, en el municipio de Salina Cruz.<\/p>\n\n\n\n<p>De acuerdo con el reporte de los hechos, el cuerpo del galeno de 46 a\u00f1os de edad fue encontrado cerca de su veh\u00edculo calcinado en el paraje conocido como \u201cCampo de Tiro\u201d.&nbsp;<\/p>\n\n\n\n<p>Miguel \u00c1ngel Mart\u00ednez Cruz era m\u00e9dico especialista en Otorrinolaringolog\u00eda, realiz\u00f3 sus estudios en la Universidad Regional del Sureste y en la Benem\u00e9rita Universidad Aut\u00f3noma del Estado de Puebla.&nbsp;<\/p>\n\n\n\n<p>Era m\u00e9dico de base con m\u00e1s de 19 a\u00f1os reconocidos en el IMSS y m\u00e9dico regularizado en los Servicios de Salud de Oaxaca. Estaba dedicado a su familia y a su trabajo.<\/p>\n","protected":false},"excerpt":{"rendered":"<p>Evlin Arag\u00f3n\/Zona Roja. Oaxaca de Ju\u00e1rez, Oax., 31 de mayo de 2021.- A dos a\u00f1os&hellip;<\/p>\n","protected":false},"author":2,"featured_media":27959,"comment_status":"closed","ping_status":"open","sticky":false,"template":"","format":"standard","meta":{"_lmt_disableupdate":"","_lmt_disable":"","_jetpack_memberships_contains_paid_content":false,"footnotes":""},"categories":[109,47],"tags":[1215],"class_list":["post-27958","post","type-post","status-publish","format-standard","has-post-thumbnail","hentry","category-minuto-a-minuto","category-zona-gris","tag-miguel-angel-martinez-cruz"],"jetpack_featured_media_url":"https:\/\/zonaroja.com.mx\/wp-content\/uploads\/2021\/05\/Justicia-Miguel-Angel-Martinez-Cruz.jpg","jetpack_sharing_enabled":true,"_links":{"self":[{"href":"https:\/\/zonaroja.com.mx\/index.php?rest_route=\/wp\/v2\/posts\/27958","targetHints":{"allow":["GET"]}}],"collection":[{"href":"https:\/\/zonaroja.com.mx\/index.php?rest_route=\/wp\/v2\/posts"}],"about":[{"href":"https:\/\/zonaroja.com.mx\/index.php?rest_route=\/wp\/v2\/types\/post"}],"author":[{"embeddable":true,"href":"https:\/\/zonaroja.com.mx\/index.php?rest_route=\/wp\/v2\/users\/2"}],"replies":[{"embeddable":true,"href":"https:\/\/zonaroja.com.mx\/index.php?rest_route=%2Fwp%2Fv2%2Fcomments&post=27958"}],"version-history":[{"count":1,"href":"https:\/\/zonaroja.com.mx\/index.php?rest_route=\/wp\/v2\/posts\/27958\/revisions"}],"predecessor-version":[{"id":27960,"href":"https:\/\/zonaroja.com.mx\/index.php?rest_route=\/wp\/v2\/posts\/27958\/revisions\/27960"}],"wp:featuredmedia":[{"embeddable":true,"href":"https:\/\/zonaroja.com.mx\/index.php?rest_route=\/wp\/v2\/media\/27959"}],"wp:attachment":[{"href":"https:\/\/zonaroja.com.mx\/index.php?rest_route=%2Fwp%2Fv2%2Fmedia&parent=27958"}],"wp:term":[{"taxonomy":"category","embeddable":true,"href":"https:\/\/zonaroja.com.mx\/index.php?rest_route=%2Fwp%2Fv2%2Fcategories&post=27958"},{"taxonomy":"post_tag","embeddable":true,"href":"https:\/\/zonaroja.com.mx\/index.php?rest_route=%2Fwp%2Fv2%2Ftags&post=27958"}],"curies":[{"name":"wp","href":"https:\/\/api.w.org\/{rel}","templated":true}]}}