{"id":27964,"date":"2021-05-31T18:56:07","date_gmt":"2021-05-31T23:56:07","guid":{"rendered":"https:\/\/www.zonaroja.com.mx\/?p=27964"},"modified":"2021-05-31T18:58:55","modified_gmt":"2021-05-31T23:58:55","slug":"mas-que-una-consigna-justicia-para-sol-es-una-aspiracion-genuina-diputada","status":"publish","type":"post","link":"https:\/\/zonaroja.com.mx\/?p=27964","title":{"rendered":"\u201cM\u00e1s que una consigna, justicia para Sol, es una aspiraci\u00f3n genuina\u201d: diputada"},"content":{"rendered":"\n<p class=\"MsoNormal\">Evlin Arag\u00f3n\/Zona Roja.&nbsp;<\/p>\n\n\n\n<p class=\"MsoNormal\">Oaxaca de Ju\u00e1rez, Oax., 31 de mayo de 2021.- A tres a\u00f1os del asesinato violento de la fotoperiodista Mar\u00eda del Sol Cruz Jarqu\u00edn, la diputada local por Morena, Magaly L\u00f3pez Dom\u00ednguez, asegur\u00f3 que el caso y la falta de acceso a la justicia reflejan la simulaci\u00f3n y la falta compromiso por parte de las autoridades que no cumplen con su funci\u00f3n.&nbsp;&nbsp;<\/p>\n\n\n\n<p class=\"MsoNormal\">\u201cEl caso de Mar\u00eda del Sol nos ha dejado ver qu\u00e9 tipo de autoridades tenemos. Simulan una y otra vez para no dar cumplimiento a su obligaci\u00f3n. Queremos que exista justicia, no m\u00e1s impunidad. Justicia para Sol no es solo una consigna es una aspiraci\u00f3n genuina que queremos para toda la sociedad\u201d, dijo en entrevista radiof\u00f3nica.&nbsp;&nbsp;&nbsp;<\/p>\n\n\n\n<p class=\"MsoNormal\">La legisladora explic\u00f3 que pese al acompa\u00f1amiento de organizaciones sociales y el propio Congreso local, la periodista Soledad Jarqu\u00edn no ha podido acceder a la justicia debido a que al Estado no le interesa ponerse del lado de las v\u00edctimas, a quienes no escucha y no atiende.&nbsp;&nbsp;<\/p>\n\n\n\n<p class=\"MsoNormal\">Tal es el caso de la Fiscal\u00eda General del Estado de Oaxaca, que durante la administraci\u00f3n de Rub\u00e9n Vasconcelos M\u00e9ndez le neg\u00f3 el derecho de audiencia a la familia de la fotorreportera asesinada el 2 de junio del 2018 en el municipio de Juchit\u00e1n de Zaragoza.&nbsp;<\/p>\n\n\n\n<p class=\"MsoNormal\">De ah\u00ed que en el Congreso local lo hicieron rendir cuentas, en una comparecencia in\u00e9dita, en la que pudo participar Soledad Jarqu\u00edn y que lamentablemente lejos de respuestas por parte del funcionario, les trajo consigo amenazas de procesarlas penalmente, debido a los cuestionamientos expuestos.&nbsp;&nbsp;&nbsp;<\/p>\n\n\n\n<p class=\"MsoNormal\">Tambi\u00e9n record\u00f3 que desde el Congreso local se pidi\u00f3 a la Fiscal\u00eda General de la Rep\u00fablica (FGR), la atracci\u00f3n del caso, lo cual tampoco sucedi\u00f3 debido al desinter\u00e9s que comparten las autoridades en materia de procuraci\u00f3n de justicia por atender a las v\u00edctimas.&nbsp;&nbsp;<\/p>\n\n\n\n<p class=\"MsoNormal\">\u201cNo tiene ese inter\u00e9s de investigar y cumplir con su obligaci\u00f3n. Se les olvida que es una obligaci\u00f3n que tienen y para la cual pueden ocupar todo el aparato gubernamental a fin de investigar y llegar al fondo del asunto, castigar a lo responsables, sin embargo, eso no se hace\u201d, dijo.&nbsp;&nbsp;<\/p>\n\n\n\n<p class=\"MsoNormal\">La legisladora tambi\u00e9n lament\u00f3 que los funcionarios se sientan intocables, y muchas veces la protecci\u00f3n y complicidad con otras instituciones es real, de ah\u00ed que sea dif\u00edcil que se les sancione, incluso despu\u00e9s de ser exhibidos en la m\u00e1xima tribuna.&nbsp;&nbsp;<\/p>\n\n\n\n<p class=\"MsoNormal\">De ah\u00ed que se comprometi\u00f3 a seguir acompa\u00f1ando el caso de Mar\u00eda del Sol y de otras v\u00edctimas hasta que la justicia sea una realidad en un estado como Oaxaca, que merece instancias que cumplan con su obligaci\u00f3n y respeten los derechos de todas y todos.&nbsp;&nbsp;&nbsp;<\/p>\n\n\n\n<p class=\"MsoNormal\">\u201cHemos trabajado, pero es una lucha que llevar\u00e1 mucho tiempo. El camino es largo y falta mucho trabajo por hacer para acceder a la justicia en Oaxaca, seguiremos acompa\u00f1ando a las v\u00edctimas desde el Congreso local\u201d, sentenci\u00f3.   <\/p>\n","protected":false},"excerpt":{"rendered":"<p>Evlin Arag\u00f3n\/Zona Roja.&nbsp; Oaxaca de Ju\u00e1rez, Oax., 31 de mayo de 2021.- A tres a\u00f1os&hellip;<\/p>\n","protected":false},"author":2,"featured_media":21120,"comment_status":"closed","ping_status":"open","sticky":false,"template":"","format":"standard","meta":{"_lmt_disableupdate":"","_lmt_disable":"","_jetpack_memberships_contains_paid_content":false,"footnotes":""},"categories":[109,47],"tags":[1059],"class_list":["post-27964","post","type-post","status-publish","format-standard","has-post-thumbnail","hentry","category-minuto-a-minuto","category-zona-gris","tag-maria-del-sol-cruz-jarquin"],"jetpack_featured_media_url":"https:\/\/zonaroja.com.mx\/wp-content\/uploads\/2020\/12\/Magaly-Lopez-1.jpg","jetpack_sharing_enabled":true,"_links":{"self":[{"href":"https:\/\/zonaroja.com.mx\/index.php?rest_route=\/wp\/v2\/posts\/27964","targetHints":{"allow":["GET"]}}],"collection":[{"href":"https:\/\/zonaroja.com.mx\/index.php?rest_route=\/wp\/v2\/posts"}],"about":[{"href":"https:\/\/zonaroja.com.mx\/index.php?rest_route=\/wp\/v2\/types\/post"}],"author":[{"embeddable":true,"href":"https:\/\/zonaroja.com.mx\/index.php?rest_route=\/wp\/v2\/users\/2"}],"replies":[{"embeddable":true,"href":"https:\/\/zonaroja.com.mx\/index.php?rest_route=%2Fwp%2Fv2%2Fcomments&post=27964"}],"version-history":[{"count":1,"href":"https:\/\/zonaroja.com.mx\/index.php?rest_route=\/wp\/v2\/posts\/27964\/revisions"}],"predecessor-version":[{"id":27965,"href":"https:\/\/zonaroja.com.mx\/index.php?rest_route=\/wp\/v2\/posts\/27964\/revisions\/27965"}],"wp:featuredmedia":[{"embeddable":true,"href":"https:\/\/zonaroja.com.mx\/index.php?rest_route=\/wp\/v2\/media\/21120"}],"wp:attachment":[{"href":"https:\/\/zonaroja.com.mx\/index.php?rest_route=%2Fwp%2Fv2%2Fmedia&parent=27964"}],"wp:term":[{"taxonomy":"category","embeddable":true,"href":"https:\/\/zonaroja.com.mx\/index.php?rest_route=%2Fwp%2Fv2%2Fcategories&post=27964"},{"taxonomy":"post_tag","embeddable":true,"href":"https:\/\/zonaroja.com.mx\/index.php?rest_route=%2Fwp%2Fv2%2Ftags&post=27964"}],"curies":[{"name":"wp","href":"https:\/\/api.w.org\/{rel}","templated":true}]}}