{"id":27966,"date":"2021-05-31T20:16:04","date_gmt":"2021-06-01T01:16:04","guid":{"rendered":"http:\/\/www.zonaroja.com.mx\/?p=27966"},"modified":"2021-05-31T20:16:09","modified_gmt":"2021-06-01T01:16:09","slug":"mezcaleros-denuncian-desatencion-de-fiscalia-oaxaca-en-investigacion-a-robo","status":"publish","type":"post","link":"https:\/\/zonaroja.com.mx\/?p=27966","title":{"rendered":"Mezcaleros denuncian desatenci\u00f3n de Fiscal\u00eda Oaxaca en investigaci\u00f3n a robo"},"content":{"rendered":"\n<p>Yuridiana Sosa\/Zona Roja.<\/p>\n\n\n\n<p>Oaxaca de Ju\u00e1rez, Oax., 31 de mayo de 2021.- Mujeres y hombres mezcaleros de Oaxaca, pidieron al gobernador Alejandro Murat su intervenci\u00f3n para que la Fiscal\u00eda General del Estado atienda la denuncia presentada por el robo a las oficinas del Consejo Mexicano Regulador de la Calidad del Mezcal (Comercam) y se garantice el derecho del sector productivo a trabajar.<\/p>\n\n\n\n<p>En conferencia de prensa en la capital, los integrantes del Comit\u00e9 por la Dignificaci\u00f3n y Democracia del gremio mezcalero reiteraron su respaldo a Abelino Cohetero Villegas como presidente de la Comercam, por lo que desconocieron a Hip\u00f3crates Nolasco Cancino, quien se empe\u00f1a en seguir ocupando la dirigencia de la asociaci\u00f3n.<\/p>\n\n\n\n<p>A dos semanas del hurto a las oficinas en la colonia Volcanes de la capital del estado, los mezcaleros apuntaron que por parte de la Fiscal\u00eda General de la entidad no existe ning\u00fan avance en la investigaci\u00f3n del delito, presuntamente por parte de personas relacionadas con Nolasco Cancino.<\/p>\n\n\n\n<figure class=\"wp-block-embed-twitter wp-block-embed is-type-rich is-provider-twitter\"><div class=\"wp-block-embed__wrapper\">\n<div class=\"twitter-tweet\"><blockquote class=\"twitter-tweet\" data-lang=\"es\"><p lang=\"es\" dir=\"ltr\"><a href=\"https:\/\/twitter.com\/hashtag\/ENVIVO?src=hash&amp;ref_src=twsrc%5Etfw\">#ENVIVO<\/a> <br>Oaxaca de Ju\u00e1rez, Oax., 31 de mayo de 2021.- Conferencia de prensa de mezcaleros del estado de Oaxaca. Piden intervenci\u00f3n del <a href=\"https:\/\/twitter.com\/GobOax?ref_src=twsrc%5Etfw\">@goboax<\/a> para solucionar conflicto en el <a href=\"https:\/\/twitter.com\/CrmMezcal?ref_src=twsrc%5Etfw\">@CrmMezcal<\/a>. <br>Siga la transmisi\u00f3n: <br>\ud83d\udc47<a href=\"https:\/\/t.co\/dHnedMNHGv\">https:\/\/t.co\/dHnedMNHGv<\/a> <a href=\"https:\/\/t.co\/KJyGrL9b5A\">pic.twitter.com\/KJyGrL9b5A<\/a><\/p>&mdash; Zona Roja Oaxaca (@Zona_Roja_Oax) <a href=\"https:\/\/twitter.com\/Zona_Roja_Oax\/status\/1399417823928201221?ref_src=twsrc%5Etfw\">31 de mayo de 2021<\/a><\/blockquote><\/div>\n<\/div><\/figure>\n\n\n\n<p>En el lugar se robaron hologramas de autenticidad de la bebida, as\u00ed como el ex presidente se ha apoderado del servidor para el manejo de la p\u00e1gina oficial de la Comercam, por lo cual exigieron la intervenci\u00f3n de las autoridades para que les devuelvan lo robado, pues es parte de la organizaci\u00f3n.<\/p>\n\n\n\n<p>Manifestaron que con la nueva dirigencia de Abelino Cohetero se busca la dignificaci\u00f3n del gremio conformado por m\u00e1s de dos mil 400 personas de diversas comunidades, los cuales durante el tiempo de Hip\u00f3crates Nolasco nunca fueron tomados en cuenta, mientras que las decisiones del sistema mezcal era de parte de un grupo de 30 personas.<\/p>\n\n\n\n<p>Sin embargo, con la apat\u00eda de la Fiscal\u00eda de Oaxaca para hacer justicia los mezcaleros atraviesan por un sinuoso camino rumbo a la dignificaci\u00f3n.<\/p>\n\n\n\n<p>Para expresar la nueva fase del Consejo Regulador del Mezcal, el pr\u00f3ximo viernes 4 de junio realizar\u00e1n una calenda que partir\u00e1 de la fuente de las Ocho Regiones al z\u00f3calo de la capital.<\/p>\n","protected":false},"excerpt":{"rendered":"<p>Yuridiana Sosa\/Zona Roja. Oaxaca de Ju\u00e1rez, Oax., 31 de mayo de 2021.- Mujeres y hombres&hellip;<\/p>\n","protected":false},"author":2,"featured_media":27967,"comment_status":"closed","ping_status":"open","sticky":false,"template":"","format":"standard","meta":{"_lmt_disableupdate":"","_lmt_disable":"","_jetpack_memberships_contains_paid_content":false,"footnotes":""},"categories":[109,47],"tags":[2688,2596],"class_list":["post-27966","post","type-post","status-publish","format-standard","has-post-thumbnail","hentry","category-minuto-a-minuto","category-zona-gris","tag-consejo-mexicano-regulador-de-la-calidad-del-mezcal-comercam","tag-hipocrates-nolasco-cancino"],"jetpack_featured_media_url":"https:\/\/zonaroja.com.mx\/wp-content\/uploads\/2021\/05\/Conferencia-mezcaleros-Comercam-1.jpg","jetpack_sharing_enabled":true,"_links":{"self":[{"href":"https:\/\/zonaroja.com.mx\/index.php?rest_route=\/wp\/v2\/posts\/27966","targetHints":{"allow":["GET"]}}],"collection":[{"href":"https:\/\/zonaroja.com.mx\/index.php?rest_route=\/wp\/v2\/posts"}],"about":[{"href":"https:\/\/zonaroja.com.mx\/index.php?rest_route=\/wp\/v2\/types\/post"}],"author":[{"embeddable":true,"href":"https:\/\/zonaroja.com.mx\/index.php?rest_route=\/wp\/v2\/users\/2"}],"replies":[{"embeddable":true,"href":"https:\/\/zonaroja.com.mx\/index.php?rest_route=%2Fwp%2Fv2%2Fcomments&post=27966"}],"version-history":[{"count":1,"href":"https:\/\/zonaroja.com.mx\/index.php?rest_route=\/wp\/v2\/posts\/27966\/revisions"}],"predecessor-version":[{"id":27968,"href":"https:\/\/zonaroja.com.mx\/index.php?rest_route=\/wp\/v2\/posts\/27966\/revisions\/27968"}],"wp:featuredmedia":[{"embeddable":true,"href":"https:\/\/zonaroja.com.mx\/index.php?rest_route=\/wp\/v2\/media\/27967"}],"wp:attachment":[{"href":"https:\/\/zonaroja.com.mx\/index.php?rest_route=%2Fwp%2Fv2%2Fmedia&parent=27966"}],"wp:term":[{"taxonomy":"category","embeddable":true,"href":"https:\/\/zonaroja.com.mx\/index.php?rest_route=%2Fwp%2Fv2%2Fcategories&post=27966"},{"taxonomy":"post_tag","embeddable":true,"href":"https:\/\/zonaroja.com.mx\/index.php?rest_route=%2Fwp%2Fv2%2Ftags&post=27966"}],"curies":[{"name":"wp","href":"https:\/\/api.w.org\/{rel}","templated":true}]}}