{"id":27969,"date":"2021-05-31T20:40:33","date_gmt":"2021-06-01T01:40:33","guid":{"rendered":"http:\/\/www.zonaroja.com.mx\/?p=27969"},"modified":"2021-05-31T20:40:36","modified_gmt":"2021-06-01T01:40:36","slug":"confirma-fiscalia-general-agresion-a-balazos-a-candidato-a-edil-liberan-a-3-de-la-aei","status":"publish","type":"post","link":"https:\/\/zonaroja.com.mx\/?p=27969","title":{"rendered":"Confirma Fiscal\u00eda General agresi\u00f3n a balazos a candidato a edil; liberan a 3 de la AEI"},"content":{"rendered":"\n<p>Redacci\u00f3n\/Zona Roja.<\/p>\n\n\n\n<p>Oaxaca de Ju\u00e1rez, Oax., 31 de mayo de 2021.- La Fiscal\u00eda General del Estado de Oaxaca (FGEO) confirm\u00f3 la agresi\u00f3n armada a una persona que identific\u00f3 con las iniciales P. M. E. (Pedro Enrique Mart\u00ednez, en San Francisco del Mar.<\/p>\n\n\n\n<p>Adem\u00e1s, corrobor\u00f3 que los tres elementos de la Agencia Estatal de Investigaciones (AEI) que fueron retenidos ayer, ya fueron puestos en libertad la ma\u00f1ana de este lunes.<\/p>\n\n\n\n<p>En un comunicado, inform\u00f3 que inici\u00f3 una carpeta de investigaci\u00f3n luego de que se realizaron disparos de arma de fuego cerca del lugar en que se realizaba una reuni\u00f3n de P. M. E., candidato a la presidencia municipal de San Francisco del Mar (por el Partido Redes Sociales Progresistas), en la regi\u00f3n del Istmo, hecho suscitado el 30 de mayo de 2021.<\/p>\n\n\n\n<p>Expuso que de acuerdo con la carpeta de investigaci\u00f3n 18079\/FIST\/ZANATEPEC\/2021, el en dicha fecha, aproximadamente a las 23:45 horas, dos sujetos realizaron disparos en la zona en que el candidato participaba en una reuni\u00f3n con su militancia en un domicilio ubicado en la Primera Secci\u00f3n de San Francisco del Mar; posteriormente, un grupo de pobladores captur\u00f3 y retuvo a los presuntos responsables.<\/p>\n\n\n\n<figure class=\"wp-block-embed-twitter wp-block-embed is-type-rich is-provider-twitter\"><div class=\"wp-block-embed__wrapper\">\n<div class=\"twitter-tweet\"><blockquote class=\"twitter-tweet\" data-lang=\"es\"><p lang=\"es\" dir=\"ltr\">En relaci\u00f3n a los hechos suscitados en <a href=\"https:\/\/twitter.com\/hashtag\/SanFranciscoDelMar?src=hash&amp;ref_src=twsrc%5Etfw\">#SanFranciscoDelMar<\/a>, regi\u00f3n del <a href=\"https:\/\/twitter.com\/hashtag\/Istmo?src=hash&amp;ref_src=twsrc%5Etfw\">#Istmo<\/a>, donde tres agentes de la <a href=\"https:\/\/twitter.com\/AEI_Oaxaca?ref_src=twsrc%5Etfw\">@AEI_Oaxaca<\/a> fueron retenidos por pobladores tras atender una denuncia ciudadana, la <a href=\"https:\/\/twitter.com\/FISCALIA_GobOax?ref_src=twsrc%5Etfw\">@FISCALIA_GobOax<\/a> informa que los elementos ya fueron liberados tras llegar a un acuerdo. <a href=\"https:\/\/t.co\/OZuUoUVOng\">pic.twitter.com\/OZuUoUVOng<\/a><\/p>&mdash; Fiscal\u00eda General (@FISCALIA_GobOax) <a href=\"https:\/\/twitter.com\/FISCALIA_GobOax\/status\/1399392866351431686?ref_src=twsrc%5Etfw\">31 de mayo de 2021<\/a><\/blockquote><\/div>\n<\/div><\/figure>\n\n\n\n<p>Ante este suceso, la Fiscal\u00eda atrajo la investigaci\u00f3n -a trav\u00e9s de la Vicefiscal\u00eda Regional del Istmo-, desplegando a Agentes Estatales de Investigaci\u00f3n al sitio de los hechos a fin de asegurar a los detenidos y evitar un posible linchamiento.<\/p>\n\n\n\n<p>Sin embargo, al momento de arribar al domicilio en cuesti\u00f3n, tres elementos de la AEI fueron retenidos por pobladores tras atender la denuncia ciudadana, quienes fueron liberados la ma\u00f1ana de este lunes 31 de mayo tras llegar a un acuerdo con los mandos de dicha instituci\u00f3n ministerial.<\/p>\n\n\n\n<p>Los dos hombres detenidos fueron identificados como D. L. R. y J. E. L. P., quienes ser\u00e1n puestos a disposici\u00f3n de la autoridad judicial para resolver su situaci\u00f3n jur\u00eddica; en tanto, el Ministerio P\u00fablico dict\u00f3 medidas de protecci\u00f3n al candidato, consistentes en vigilancia, protecci\u00f3n y auxilio inmediato de las corporaciones polic\u00edacas.<\/p>\n","protected":false},"excerpt":{"rendered":"<p>Redacci\u00f3n\/Zona Roja. Oaxaca de Ju\u00e1rez, Oax., 31 de mayo de 2021.- La Fiscal\u00eda General del&hellip;<\/p>\n","protected":false},"author":2,"featured_media":27970,"comment_status":"closed","ping_status":"open","sticky":false,"template":"","format":"standard","meta":{"_lmt_disableupdate":"","_lmt_disable":"","_jetpack_memberships_contains_paid_content":false,"footnotes":""},"categories":[109,47],"tags":[954],"class_list":["post-27969","post","type-post","status-publish","format-standard","has-post-thumbnail","hentry","category-minuto-a-minuto","category-zona-gris","tag-san-francisco-del-mar"],"jetpack_featured_media_url":"https:\/\/zonaroja.com.mx\/wp-content\/uploads\/2021\/05\/San-Francisco-del-Mar-2.jpg","jetpack_sharing_enabled":true,"_links":{"self":[{"href":"https:\/\/zonaroja.com.mx\/index.php?rest_route=\/wp\/v2\/posts\/27969","targetHints":{"allow":["GET"]}}],"collection":[{"href":"https:\/\/zonaroja.com.mx\/index.php?rest_route=\/wp\/v2\/posts"}],"about":[{"href":"https:\/\/zonaroja.com.mx\/index.php?rest_route=\/wp\/v2\/types\/post"}],"author":[{"embeddable":true,"href":"https:\/\/zonaroja.com.mx\/index.php?rest_route=\/wp\/v2\/users\/2"}],"replies":[{"embeddable":true,"href":"https:\/\/zonaroja.com.mx\/index.php?rest_route=%2Fwp%2Fv2%2Fcomments&post=27969"}],"version-history":[{"count":1,"href":"https:\/\/zonaroja.com.mx\/index.php?rest_route=\/wp\/v2\/posts\/27969\/revisions"}],"predecessor-version":[{"id":27971,"href":"https:\/\/zonaroja.com.mx\/index.php?rest_route=\/wp\/v2\/posts\/27969\/revisions\/27971"}],"wp:featuredmedia":[{"embeddable":true,"href":"https:\/\/zonaroja.com.mx\/index.php?rest_route=\/wp\/v2\/media\/27970"}],"wp:attachment":[{"href":"https:\/\/zonaroja.com.mx\/index.php?rest_route=%2Fwp%2Fv2%2Fmedia&parent=27969"}],"wp:term":[{"taxonomy":"category","embeddable":true,"href":"https:\/\/zonaroja.com.mx\/index.php?rest_route=%2Fwp%2Fv2%2Fcategories&post=27969"},{"taxonomy":"post_tag","embeddable":true,"href":"https:\/\/zonaroja.com.mx\/index.php?rest_route=%2Fwp%2Fv2%2Ftags&post=27969"}],"curies":[{"name":"wp","href":"https:\/\/api.w.org\/{rel}","templated":true}]}}