{"id":27972,"date":"2021-05-31T21:32:13","date_gmt":"2021-06-01T02:32:13","guid":{"rendered":"http:\/\/www.zonaroja.com.mx\/?p=27972"},"modified":"2021-05-31T21:32:17","modified_gmt":"2021-06-01T02:32:17","slug":"el-triunfo-de-hernandez-fraguas-es-irreversible-en-el-distrito-federal-viii","status":"publish","type":"post","link":"https:\/\/zonaroja.com.mx\/?p=27972","title":{"rendered":"El triunfo de Hern\u00e1ndez Fraguas es irreversible en el distrito federal VIII"},"content":{"rendered":"\n<p>Redacci\u00f3n\/Zona Roja.<\/p>\n\n\n\n<p>Oaxaca de Ju\u00e1rez, Oax., 31 de mayo de 2021.- Arropado por cientos de hombres y mujeres del municipio de Santa Mar\u00eda Atzompa, el candidato a diputado federal por el distrito VIII, Jos\u00e9 Antonio Hern\u00e1ndez Fraguas, encabez\u00f3 su cierre de campa\u00f1a en este municipio y reiter\u00f3 que este pr\u00f3ximo 6 de junio su triunfo es irreversible.<\/p>\n\n\n\n<p>En medio de un ambiente de algarab\u00eda, y en compa\u00f1\u00eda de su suplente, Mariana Nassar Pi\u00f1eyro; la candidata a diputada local por el distrito 13, Laura Vign\u00f3n Carre\u00f1o y la candidata por la v\u00eda plurinominal, Mariana Ben\u00edtez Tiburcio, To\u00f1o Fraguas comprometi\u00f3 su total apoyo a este municipio cuna de hombres y mujeres artesanas, a quienes los diputados y el Gobierno federal los han tenido en el olvido.<\/p>\n\n\n\n<p>\u201cLlegaremos a la C\u00e1mara de Diputados federal para regresar los programas sociales a nuestros artesanos, mujeres, ni\u00f1as, jefas de familia&#8230; est\u00e9n seguros que no les vamos a fallar, no nos temblar\u00e1 la voz al estar en la tribuna\u201d, sentenci\u00f3 el abanderado del PRI, PAN y PRD.<\/p>\n\n\n\n<figure class=\"wp-block-embed-twitter wp-block-embed is-type-rich is-provider-twitter\"><div class=\"wp-block-embed__wrapper\">\n<div class=\"twitter-tweet\"><blockquote class=\"twitter-tweet\" data-lang=\"es\"><p lang=\"es\" dir=\"ltr\">En Santa Mar\u00eda Atzompa \u00a1ya ganamos\u00a1 <br><br>Aqu\u00ed una prueba del contundente triunfo que obtendremos el pr\u00f3ximo 6 de junio. No hay duda de que vamos a recuperar el Distrito 08, as\u00ed lo comprobamos en el cierre de campa\u00f1a que tuvimos en este municipio. \ud83d\ude4c\ud83c\udffc\ud83d\udc4a\ud83c\udffc\ud83d\uddf3\ud83c\uddf2\ud83c\uddfd <a href=\"https:\/\/t.co\/ZnoJxjdm1M\">pic.twitter.com\/ZnoJxjdm1M<\/a><\/p>&mdash; To\u00f1o Hern\u00e1ndez Fraguas (@JAHFraguas) <a href=\"https:\/\/twitter.com\/JAHFraguas\/status\/1399372230287626242?ref_src=twsrc%5Etfw\">31 de mayo de 2021<\/a><\/blockquote><\/div>\n<\/div><\/figure>\n\n\n\n<p>Acompa\u00f1ado de m\u00fasica de banda, marmotas y la presencia de cientos de hombres y mujeres que abarrotaron el sal\u00f3n de usos m\u00faltiples de dicho municipio, el candidato explic\u00f3 la relevancia de votar por las y los candidatos de la alianza \u201cVa por M\u00e9xico\u201d, y as\u00ed fortalecer a Oaxaca desde el Congreso Federal y en la c\u00e1mara local con Laura Vign\u00f3n Carre\u00f1o.<\/p>\n\n\n\n<p>Por su parte, Mariana Nassar enfatiz\u00f3 que: \u201cYa ganamos en el territorio, esta fue una campa\u00f1a de propuestas y para escuchar a la ciudadan\u00eda. Ya ganamos en las propuestas, poniendo todo nuestro empe\u00f1o, porque sabemos lo que hay que hacer y tenemos toda la experiencia para hacerlo\u201d.<\/p>\n\n\n\n<p>En tanto, Vignon Carre\u00f1o, se comprometi\u00f3 ante j\u00f3venes, mujeres y adultos mayores, a legislar para generar m\u00e1s oportunidades de desarrollo.<\/p>\n\n\n\n<p>Agradeci\u00f3 la presencia de los asistentes e integrantes de las estructuras territoriales, as\u00ed como a sus compa\u00f1eros de la coalici\u00f3n Va por Oaxaca, externando que el respaldo de la ciudadan\u00eda se ver\u00e1 reflejado en las urnas este 6 de junio.<\/p>\n\n\n\n<figure class=\"wp-block-embed-twitter wp-block-embed is-type-rich is-provider-twitter\"><div class=\"wp-block-embed__wrapper\">\n<div class=\"twitter-tweet\"><blockquote class=\"twitter-tweet\" data-lang=\"es\"><p lang=\"es\" dir=\"ltr\">En Santa Mar\u00eda Atzompa \u00a1ya ganamos\u00a1 <br><br>Aqu\u00ed una prueba del contundente triunfo que obtendremos el pr\u00f3ximo 6 de junio. No hay duda de que vamos a recuperar el Distrito 08, as\u00ed lo comprobamos en el cierre de campa\u00f1a que tuvimos en este municipio. \ud83d\ude4c\ud83c\udffc\ud83d\udc4a\ud83c\udffc\ud83d\uddf3\ud83c\uddf2\ud83c\uddfd <a href=\"https:\/\/t.co\/ZnoJxjdm1M\">pic.twitter.com\/ZnoJxjdm1M<\/a><\/p>&mdash; To\u00f1o Hern\u00e1ndez Fraguas (@JAHFraguas) <a href=\"https:\/\/twitter.com\/JAHFraguas\/status\/1399372230287626242?ref_src=twsrc%5Etfw\">31 de mayo de 2021<\/a><\/blockquote><\/div>\n<\/div><\/figure>\n","protected":false},"excerpt":{"rendered":"<p>Redacci\u00f3n\/Zona Roja. Oaxaca de Ju\u00e1rez, Oax., 31 de mayo de 2021.- Arropado por cientos de&hellip;<\/p>\n","protected":false},"author":2,"featured_media":27973,"comment_status":"closed","ping_status":"open","sticky":false,"template":"","format":"standard","meta":{"_lmt_disableupdate":"","_lmt_disable":"","_jetpack_memberships_contains_paid_content":false,"footnotes":""},"categories":[109,46],"tags":[2592],"class_list":["post-27972","post","type-post","status-publish","format-standard","has-post-thumbnail","hentry","category-minuto-a-minuto","category-zona-blanca","tag-jose-antonio-hernandez-fraguas"],"jetpack_featured_media_url":"https:\/\/zonaroja.com.mx\/wp-content\/uploads\/2021\/05\/Jose-Antonio-Hernandez-Fraguas-8.jpg","jetpack_sharing_enabled":true,"_links":{"self":[{"href":"https:\/\/zonaroja.com.mx\/index.php?rest_route=\/wp\/v2\/posts\/27972","targetHints":{"allow":["GET"]}}],"collection":[{"href":"https:\/\/zonaroja.com.mx\/index.php?rest_route=\/wp\/v2\/posts"}],"about":[{"href":"https:\/\/zonaroja.com.mx\/index.php?rest_route=\/wp\/v2\/types\/post"}],"author":[{"embeddable":true,"href":"https:\/\/zonaroja.com.mx\/index.php?rest_route=\/wp\/v2\/users\/2"}],"replies":[{"embeddable":true,"href":"https:\/\/zonaroja.com.mx\/index.php?rest_route=%2Fwp%2Fv2%2Fcomments&post=27972"}],"version-history":[{"count":1,"href":"https:\/\/zonaroja.com.mx\/index.php?rest_route=\/wp\/v2\/posts\/27972\/revisions"}],"predecessor-version":[{"id":27974,"href":"https:\/\/zonaroja.com.mx\/index.php?rest_route=\/wp\/v2\/posts\/27972\/revisions\/27974"}],"wp:featuredmedia":[{"embeddable":true,"href":"https:\/\/zonaroja.com.mx\/index.php?rest_route=\/wp\/v2\/media\/27973"}],"wp:attachment":[{"href":"https:\/\/zonaroja.com.mx\/index.php?rest_route=%2Fwp%2Fv2%2Fmedia&parent=27972"}],"wp:term":[{"taxonomy":"category","embeddable":true,"href":"https:\/\/zonaroja.com.mx\/index.php?rest_route=%2Fwp%2Fv2%2Fcategories&post=27972"},{"taxonomy":"post_tag","embeddable":true,"href":"https:\/\/zonaroja.com.mx\/index.php?rest_route=%2Fwp%2Fv2%2Ftags&post=27972"}],"curies":[{"name":"wp","href":"https:\/\/api.w.org\/{rel}","templated":true}]}}