{"id":27975,"date":"2021-05-31T21:38:24","date_gmt":"2021-06-01T02:38:24","guid":{"rendered":"http:\/\/www.zonaroja.com.mx\/?p=27975"},"modified":"2021-05-31T21:38:28","modified_gmt":"2021-06-01T02:38:28","slug":"el-6-de-junio-se-revelaran-las-verdaderas-encuestas-javier-villacana","status":"publish","type":"post","link":"https:\/\/zonaroja.com.mx\/?p=27975","title":{"rendered":"El 6 de junio se revelar\u00e1n las verdaderas encuestas: Javier Villaca\u00f1a"},"content":{"rendered":"\n<p>Yuridiana Sosa\/Zona Roja.<\/p>\n\n\n\n<p>Oaxaca de Ju\u00e1rez, Oax., 31 de mayo de 2021.- Camino a la jornada del 6 de junio, el candidato a la presidencia municipal de Oaxaca de Ju\u00e1rez por la alianza \u201cVa por Oaxaca\u201d, Javier Villaca\u00f1a Jim\u00e9nez, mostr\u00f3 optimismo sobre los resultados de las elecciones y sobre el gobierno que podr\u00eda encabezar durante los pr\u00f3ximos tres a\u00f1os.<\/p>\n\n\n\n<p>En un encuentro con los medios en la Asociaci\u00f3n de Periodistas de Oaxaca (APO) A.C., el aspirante a edil manifest\u00f3 dudas sobre los resultados de las encuestas publicadas por su oponente del Partido Morena, Francisco Mart\u00ednez Neri, pues en otras que no son emitidas por su contrincante, \u00e9l lleva la ventaja.<\/p>\n\n\n\n<p>Dijo que las publicaciones que lo ponen en desventaja son parte de una guerra sucia ante el respaldo evidente con el que cuenta, pues tambi\u00e9n existe resultados que lo colocan con ventaja de entre cinco y 12 puntos; pero el 6 de junio se mostrar\u00e1n los resultados de las verdaderas encuestas, agreg\u00f3.<\/p>\n\n\n\n<p>El reflejo de la aprobaci\u00f3n a su proyecto pol\u00edtico fue el multitudinario cierre de campa\u00f1a que tuvo este fin de semana, adem\u00e1s de los compromisos que logr\u00f3 efectuar con 19 sectores de la sociedad civil con los que tuvo acercamiento.<\/p>\n\n\n\n<figure class=\"wp-block-embed-twitter wp-block-embed is-type-rich is-provider-twitter\"><div class=\"wp-block-embed__wrapper\">\n<div class=\"twitter-tweet\"><blockquote class=\"twitter-tweet\" data-lang=\"es\"><p lang=\"es\" dir=\"ltr\"><a href=\"https:\/\/twitter.com\/hashtag\/ENVIVO?src=hash&amp;ref_src=twsrc%5Etfw\">#ENVIVO<\/a> <br>Oaxaca de Ju\u00e1rez, Oax.. 31 de mayo de 2021.- El candidato a presidente municipal de Oaxaca de Ju\u00e1rez, <a href=\"https:\/\/twitter.com\/JavierVillacana?ref_src=twsrc%5Etfw\">@JavierVillacana<\/a>, visita la sede de la Asociaci\u00f3n de Periodistas de Oaxaca (APO); preside <a href=\"https:\/\/twitter.com\/Gsumano2?ref_src=twsrc%5Etfw\">@Gsumano2<\/a>. <br><br>Siga la transmisi\u00f3n \ud83d\udc47<a href=\"https:\/\/t.co\/pCXKNwL1KA\">https:\/\/t.co\/pCXKNwL1KA<\/a> <a href=\"https:\/\/t.co\/JuElRrdMLW\">pic.twitter.com\/JuElRrdMLW<\/a><\/p>&mdash; Zona Roja Oaxaca (@Zona_Roja_Oax) <a href=\"https:\/\/twitter.com\/Zona_Roja_Oax\/status\/1399392404738826241?ref_src=twsrc%5Etfw\">31 de mayo de 2021<\/a><\/blockquote><\/div>\n<\/div><\/figure>\n\n\n\n<p>Durante el ejercicio del dialogo &#8211;que la APO desarroll\u00f3 con los diferentes candidatos y candidatas durante la campa\u00f1a pol\u00edtica&#8211;, Javier Villaca\u00f1a sostuvo que de ganar la presidencia mantendr\u00e1 una sana relaci\u00f3n con los medios de comunicaci\u00f3n ante la cr\u00edtica.<\/p>\n\n\n\n<p>Respecto a los problemas que ha palpado en la capital durante su jornada de campa\u00f1a, asever\u00f3 que en su propuesta de plan de trabajo son prioridad la seguridad y la econom\u00eda, y en ese sentido se\u00f1al\u00f3 la grave situaci\u00f3n que vive la ciudad respecto al crecimiento desmedido del ambulantaje, mismo de que sabe aument\u00f3 con la anuencia del gobierno municipal de Morena que encabeza Oswaldo Garc\u00eda Jarqu\u00edn.<\/p>\n\n\n\n<p>Apunt\u00f3 que en sus recorridos e informaci\u00f3n obtenida, son al menos 600 ambulantes que \u201cnacieron\u201d de la compra de espacios a personas que tienen relaci\u00f3n con integrantes de la plantilla de Mart\u00ednez Neri.<\/p>\n\n\n\n<p>Sobre una posible deuda de 400 millones de pesos del gobierno morenista, Villaca\u00f1a Jim\u00e9nez agreg\u00f3 que de tener la oportunidad de llegar a la presidencia revisar\u00e1 de forma puntal el tema y lo dar\u00e1 a conocer a la ciudadan\u00eda.<\/p>\n\n\n\n<figure class=\"wp-block-embed-twitter wp-block-embed is-type-rich is-provider-twitter\"><div class=\"wp-block-embed__wrapper\">\n<div class=\"twitter-tweet\"><blockquote class=\"twitter-tweet\" data-lang=\"es\"><p lang=\"es\" dir=\"ltr\">Muy agradecido con la Asociaci\u00f3n de Periodistas de Oaxaca, por el intercambio de ideas que sostuvimos buscando siempre un mejor futuro para <a href=\"https:\/\/twitter.com\/hashtag\/OaxacaDeJu%C3%A1rez?src=hash&amp;ref_src=twsrc%5Etfw\">#OaxacaDeJu\u00e1rez<\/a>. En unidad, vamos a fortalecer acciones concretas en beneficio del gremio period\u00edstico. <a href=\"https:\/\/twitter.com\/hashtag\/JuntosLoHaremosDeNuevo?src=hash&amp;ref_src=twsrc%5Etfw\">#JuntosLoHaremosDeNuevo<\/a> <a href=\"https:\/\/t.co\/rMD6RM0Cc4\">pic.twitter.com\/rMD6RM0Cc4<\/a><\/p>&mdash; Javier Villaca\u00f1a (@JavierVillacana) <a href=\"https:\/\/twitter.com\/JavierVillacana\/status\/1399513673371111425?ref_src=twsrc%5Etfw\">31 de mayo de 2021<\/a><\/blockquote><\/div>\n<\/div><\/figure>\n","protected":false},"excerpt":{"rendered":"<p>Yuridiana Sosa\/Zona Roja. Oaxaca de Ju\u00e1rez, Oax., 31 de mayo de 2021.- Camino a la&hellip;<\/p>\n","protected":false},"author":2,"featured_media":27976,"comment_status":"closed","ping_status":"open","sticky":false,"template":"","format":"standard","meta":{"_lmt_disableupdate":"","_lmt_disable":"","_jetpack_memberships_contains_paid_content":false,"footnotes":""},"categories":[109,46],"tags":[2456],"class_list":["post-27975","post","type-post","status-publish","format-standard","has-post-thumbnail","hentry","category-minuto-a-minuto","category-zona-blanca","tag-javier-villacana-jimenez"],"jetpack_featured_media_url":"https:\/\/zonaroja.com.mx\/wp-content\/uploads\/2021\/05\/Javier-Villacana-en-la-APO.jpg","jetpack_sharing_enabled":true,"_links":{"self":[{"href":"https:\/\/zonaroja.com.mx\/index.php?rest_route=\/wp\/v2\/posts\/27975","targetHints":{"allow":["GET"]}}],"collection":[{"href":"https:\/\/zonaroja.com.mx\/index.php?rest_route=\/wp\/v2\/posts"}],"about":[{"href":"https:\/\/zonaroja.com.mx\/index.php?rest_route=\/wp\/v2\/types\/post"}],"author":[{"embeddable":true,"href":"https:\/\/zonaroja.com.mx\/index.php?rest_route=\/wp\/v2\/users\/2"}],"replies":[{"embeddable":true,"href":"https:\/\/zonaroja.com.mx\/index.php?rest_route=%2Fwp%2Fv2%2Fcomments&post=27975"}],"version-history":[{"count":1,"href":"https:\/\/zonaroja.com.mx\/index.php?rest_route=\/wp\/v2\/posts\/27975\/revisions"}],"predecessor-version":[{"id":27977,"href":"https:\/\/zonaroja.com.mx\/index.php?rest_route=\/wp\/v2\/posts\/27975\/revisions\/27977"}],"wp:featuredmedia":[{"embeddable":true,"href":"https:\/\/zonaroja.com.mx\/index.php?rest_route=\/wp\/v2\/media\/27976"}],"wp:attachment":[{"href":"https:\/\/zonaroja.com.mx\/index.php?rest_route=%2Fwp%2Fv2%2Fmedia&parent=27975"}],"wp:term":[{"taxonomy":"category","embeddable":true,"href":"https:\/\/zonaroja.com.mx\/index.php?rest_route=%2Fwp%2Fv2%2Fcategories&post=27975"},{"taxonomy":"post_tag","embeddable":true,"href":"https:\/\/zonaroja.com.mx\/index.php?rest_route=%2Fwp%2Fv2%2Ftags&post=27975"}],"curies":[{"name":"wp","href":"https:\/\/api.w.org\/{rel}","templated":true}]}}