{"id":27982,"date":"2021-05-31T22:26:01","date_gmt":"2021-06-01T03:26:01","guid":{"rendered":"http:\/\/www.zonaroja.com.mx\/?p=27982"},"modified":"2021-05-31T22:26:05","modified_gmt":"2021-06-01T03:26:05","slug":"denuncian-que-raul-y-lety-cruz-utilizaron-empresas-factureras-para-saquear-a-santa-lucia","status":"publish","type":"post","link":"https:\/\/zonaroja.com.mx\/?p=27982","title":{"rendered":"Denuncian que Ra\u00fal y Lety Cruz utilizaron empresas \u201cfactureras\u201d para saquear a Santa Luc\u00eda"},"content":{"rendered":"\n<p>Redacci\u00f3n\/Zona Roja.<\/p>\n\n\n\n<p>Oaxaca de Ju\u00e1rez, Oax., 31 de mayo de 2021.- Este fin de semana circul\u00f3 un documento que conten\u00eda el listado de las empresas \u201cfactureras\u201d y \u201cfantasma\u201d que habr\u00eda utilizado Ra\u00fal Cruz, durante el 2017, cuando fung\u00eda como presidente municipal de Santa Luc\u00eda del Camino, comprob\u00e1ndose as\u00ed el probable robo que junto a su esposa Lety Cruz, realizaron a las arcas municipales, benefici\u00e1ndose as\u00ed del dinero del pueblo.<\/p>\n\n\n\n<p>Lo anterior, se suma a otros se\u00f1alamientos y pruebas que han salido en los \u00faltimos meses, en donde se da cuenta de los desfalcos y robos hechos por esta pareja, que ahora pretende imponer a base de dinero a Lety Cruz como la nueva edil, para seguir saqueado del municipio por medio de la inflando de costos y adjudicando de manera directa contratos a empresas pertenecientes a familiares y amigos o que simplemente no exist\u00edan.<\/p>\n\n\n\n<p>Cabe destacar que entre dichas empresas est\u00e1n \u201cConstrucciones, proyectos y agregados Karely S.A de C.V.\u201d, as\u00ed como \u201cHelu Construcciones y Materiales\u201d, mediante las cuales inflaba los precios de los productos, y que adem\u00e1s se sabe ya tiene planeado volver a utilizar en caso de que Lety Cruz gan\u00e9 en los pr\u00f3ximos comicios.<\/p>\n\n\n\n<p>Las denuncias de los probables saqueos fueron presentados ante la Fiscal\u00eda Anticorrupci\u00f3n de Oaxaca, que indaga los il\u00edcitos se\u00f1alados.<\/p>\n","protected":false},"excerpt":{"rendered":"<p>Redacci\u00f3n\/Zona Roja. Oaxaca de Ju\u00e1rez, Oax., 31 de mayo de 2021.- Este fin de semana&hellip;<\/p>\n","protected":false},"author":2,"featured_media":27983,"comment_status":"closed","ping_status":"open","sticky":false,"template":"","format":"standard","meta":{"_lmt_disableupdate":"","_lmt_disable":"","_jetpack_memberships_contains_paid_content":false,"footnotes":""},"categories":[109,47],"tags":[2722],"class_list":["post-27982","post","type-post","status-publish","format-standard","has-post-thumbnail","hentry","category-minuto-a-minuto","category-zona-gris","tag-lety-cruz-regino"],"jetpack_featured_media_url":"https:\/\/zonaroja.com.mx\/wp-content\/uploads\/2021\/05\/Contratos-Santa-Lucia-Raul-Cruz.jpg","jetpack_sharing_enabled":true,"_links":{"self":[{"href":"https:\/\/zonaroja.com.mx\/index.php?rest_route=\/wp\/v2\/posts\/27982","targetHints":{"allow":["GET"]}}],"collection":[{"href":"https:\/\/zonaroja.com.mx\/index.php?rest_route=\/wp\/v2\/posts"}],"about":[{"href":"https:\/\/zonaroja.com.mx\/index.php?rest_route=\/wp\/v2\/types\/post"}],"author":[{"embeddable":true,"href":"https:\/\/zonaroja.com.mx\/index.php?rest_route=\/wp\/v2\/users\/2"}],"replies":[{"embeddable":true,"href":"https:\/\/zonaroja.com.mx\/index.php?rest_route=%2Fwp%2Fv2%2Fcomments&post=27982"}],"version-history":[{"count":1,"href":"https:\/\/zonaroja.com.mx\/index.php?rest_route=\/wp\/v2\/posts\/27982\/revisions"}],"predecessor-version":[{"id":27984,"href":"https:\/\/zonaroja.com.mx\/index.php?rest_route=\/wp\/v2\/posts\/27982\/revisions\/27984"}],"wp:featuredmedia":[{"embeddable":true,"href":"https:\/\/zonaroja.com.mx\/index.php?rest_route=\/wp\/v2\/media\/27983"}],"wp:attachment":[{"href":"https:\/\/zonaroja.com.mx\/index.php?rest_route=%2Fwp%2Fv2%2Fmedia&parent=27982"}],"wp:term":[{"taxonomy":"category","embeddable":true,"href":"https:\/\/zonaroja.com.mx\/index.php?rest_route=%2Fwp%2Fv2%2Fcategories&post=27982"},{"taxonomy":"post_tag","embeddable":true,"href":"https:\/\/zonaroja.com.mx\/index.php?rest_route=%2Fwp%2Fv2%2Ftags&post=27982"}],"curies":[{"name":"wp","href":"https:\/\/api.w.org\/{rel}","templated":true}]}}