{"id":27991,"date":"2021-06-01T07:50:53","date_gmt":"2021-06-01T12:50:53","guid":{"rendered":"http:\/\/www.zonaroja.com.mx\/?p=27991"},"modified":"2021-06-01T07:51:43","modified_gmt":"2021-06-01T12:51:43","slug":"logran-segob-y-gobierno-de-oaxaca-juntar-a-triquis-en-disputa-preven-retorno","status":"publish","type":"post","link":"https:\/\/zonaroja.com.mx\/?p=27991","title":{"rendered":"Logran Segob y gobierno de Oaxaca juntar a triquis en disputa; prev\u00e9n retorno"},"content":{"rendered":"\n<p>Redacci\u00f3n\/Zona Roja.<\/p>\n\n\n\n<p>Oaxaca de Ju\u00e1rez, Oax., 1 de junio de 2021.- Como parte de los acuerdos tomados en reuniones previas celebradas en las oficinas de la Secretar\u00eda de Gobernaci\u00f3n, la tarde de ayer el subsecretario de Derechos humanos, Poblaci\u00f3n y Migraci\u00f3n, Alejandro Encinas, y el gobernador de Oaxaca, Alejandro Murat encabezaron los trabajos de la mesa de di\u00e1logo entre los habitantes de Tierra Blanca Copala.<\/p>\n\n\n\n<p>\u201cPor primera vez las dos partes en conflicto, tanto personas desplazadas, como las que se encuentran al interior de la comunidad, se re\u00fanen a fin de continuar con el di\u00e1logo para avanzar en el retorno seguro a Tierra Blanca\u201d, inform\u00f3 el gobierno federal en un comunicado.<\/p>\n\n\n\n<p>Expuso que despu\u00e9s de cuatro horas de di\u00e1logo,&nbsp; las partes acordaron que las personas desplazadas de Tierra Blanca Copala puedan regresar a su comunidad; para ello las autoridades federales y locales presentes se comprometieron a seguir encabezando las mesas de trabajo para coordinar los temas de seguridad y derechos humanos y comenzar el retorno seguro y en paz.<\/p>\n\n\n\n<p>La reuni\u00f3n se llev\u00f3 a cabo en el Centro de Convenciones de Oaxaca y tambi\u00e9n participaron el fiscal General del Estado, Arturo Peimbert Calvo; el secretario de Seguridad P\u00fablica estatal, Heliodoro D\u00edaz Esc\u00e1rraga; el ombudsman local, Jos\u00e9 Bernardo Rodr\u00edguez Alamilla y Oscar Banda, de la Comisi\u00f3n para el Di\u00e1logo con los Pueblos Ind\u00edgenas.<\/p>\n\n\n\n<figure class=\"wp-block-embed-twitter wp-block-embed is-type-rich is-provider-twitter\"><div class=\"wp-block-embed__wrapper\">\n<div class=\"twitter-tweet\"><blockquote class=\"twitter-tweet\" data-lang=\"es\"><p lang=\"es\" dir=\"ltr\">La construcci\u00f3n de la paz se logra con la voluntad de todas las partes y a trav\u00e9s del di\u00e1logo; junto al Subsrio. <a href=\"https:\/\/twitter.com\/A_Encinas_R?ref_src=twsrc%5Etfw\">@A_Encinas_R<\/a>, nos reunimos con pobladores de la comunidad de Tierra Blanca. <a href=\"https:\/\/t.co\/1oVC6m1vpR\">pic.twitter.com\/1oVC6m1vpR<\/a><\/p>&mdash; Alejandro Murat (@alejandromurat) <a href=\"https:\/\/twitter.com\/alejandromurat\/status\/1399550875731890180?ref_src=twsrc%5Etfw\">1 de junio de 2021<\/a><\/blockquote><\/div>\n<\/div><\/figure>\n\n\n\n<p>RECONOCEN DISPOSICI\u00d3N<\/p>\n\n\n\n<p>Por su parte, el gobierno de Oaxaca inform\u00f3 que esta reuni\u00f3n fue un primer encuentro entre habitantes de Tierra Blanca, Juxtlahuaca, para iniciar el protocolo de retorno seguro de las personas desplazadas a su comunidad de origen.<\/p>\n\n\n\n<p>El gobernador Murat dijo que esta mesa de trabajo se realiz\u00f3 con el objetivo de llegar acuerdos y establecer las condiciones de di\u00e1logo a trav\u00e9s de la confianza, para lograr el retorno de todas las familias a Tierra Blanca.<\/p>\n\n\n\n<p>\u201cEste es un di\u00e1logo permanente, por eso estamos aqu\u00ed para que las y los hermanos puedan construir el futuro para Tierra Blanca\u201d, refiri\u00f3. Asimismo, celebr\u00f3 que se est\u00e9 construyendo una ruta de paz y de di\u00e1logo para el retorno de los habitantes a Tierra Blanca.<\/p>\n\n\n\n<p>\u201cPor la ruta de imposici\u00f3n nada, todo debe ser por la ruta del di\u00e1logo y la raz\u00f3n. Reitero todo el apoyo y disposici\u00f3n del Gobierno del Estado para que en este acuerdo en donde nos toque acompa\u00f1ar hagamos nuestra parte\u201d.<\/p>\n\n\n\n<p>Agradeci\u00f3 la disposici\u00f3n al di\u00e1logo de todas las partes involucradas, en especial la voluntad que han tenido los habitantes de Tierra Blanca, localidad del municipio de Santiago Juxtlahuaca.<\/p>\n","protected":false},"excerpt":{"rendered":"<p>Redacci\u00f3n\/Zona Roja. Oaxaca de Ju\u00e1rez, Oax., 1 de junio de 2021.- Como parte de los&hellip;<\/p>\n","protected":false},"author":2,"featured_media":27992,"comment_status":"closed","ping_status":"open","sticky":false,"template":"","format":"standard","meta":{"_lmt_disableupdate":"","_lmt_disable":"","_jetpack_memberships_contains_paid_content":false,"footnotes":""},"categories":[109,46],"tags":[1712],"class_list":["post-27991","post","type-post","status-publish","format-standard","has-post-thumbnail","hentry","category-minuto-a-minuto","category-zona-blanca","tag-tierra-blanca-copala"],"jetpack_featured_media_url":"https:\/\/zonaroja.com.mx\/wp-content\/uploads\/2021\/06\/Alejandro-Encinas-y-Alejandro-Murat-con-triquis.jpeg","jetpack_sharing_enabled":true,"_links":{"self":[{"href":"https:\/\/zonaroja.com.mx\/index.php?rest_route=\/wp\/v2\/posts\/27991","targetHints":{"allow":["GET"]}}],"collection":[{"href":"https:\/\/zonaroja.com.mx\/index.php?rest_route=\/wp\/v2\/posts"}],"about":[{"href":"https:\/\/zonaroja.com.mx\/index.php?rest_route=\/wp\/v2\/types\/post"}],"author":[{"embeddable":true,"href":"https:\/\/zonaroja.com.mx\/index.php?rest_route=\/wp\/v2\/users\/2"}],"replies":[{"embeddable":true,"href":"https:\/\/zonaroja.com.mx\/index.php?rest_route=%2Fwp%2Fv2%2Fcomments&post=27991"}],"version-history":[{"count":2,"href":"https:\/\/zonaroja.com.mx\/index.php?rest_route=\/wp\/v2\/posts\/27991\/revisions"}],"predecessor-version":[{"id":27994,"href":"https:\/\/zonaroja.com.mx\/index.php?rest_route=\/wp\/v2\/posts\/27991\/revisions\/27994"}],"wp:featuredmedia":[{"embeddable":true,"href":"https:\/\/zonaroja.com.mx\/index.php?rest_route=\/wp\/v2\/media\/27992"}],"wp:attachment":[{"href":"https:\/\/zonaroja.com.mx\/index.php?rest_route=%2Fwp%2Fv2%2Fmedia&parent=27991"}],"wp:term":[{"taxonomy":"category","embeddable":true,"href":"https:\/\/zonaroja.com.mx\/index.php?rest_route=%2Fwp%2Fv2%2Fcategories&post=27991"},{"taxonomy":"post_tag","embeddable":true,"href":"https:\/\/zonaroja.com.mx\/index.php?rest_route=%2Fwp%2Fv2%2Ftags&post=27991"}],"curies":[{"name":"wp","href":"https:\/\/api.w.org\/{rel}","templated":true}]}}