{"id":27995,"date":"2021-06-01T08:21:08","date_gmt":"2021-06-01T13:21:08","guid":{"rendered":"http:\/\/www.zonaroja.com.mx\/?p=27995"},"modified":"2021-06-01T08:21:13","modified_gmt":"2021-06-01T13:21:13","slug":"anuncia-horacio-sosa-dos-cierres-de-campana-en-valles-centrales","status":"publish","type":"post","link":"https:\/\/zonaroja.com.mx\/?p=27995","title":{"rendered":"Anuncia Horacio Sosa dos cierres de campa\u00f1a, en Valles Centrales"},"content":{"rendered":"\n<p>Redacci\u00f3n\/Zona Roja.<\/p>\n\n\n\n<p>Oaxaca de Ju\u00e1rez, Oax., 1 de junio de 2021.- El candidato de Morena a la diputaci\u00f3n local por el distrito XVI, con cabecera en Zimatl\u00e1n de \u00c1lvarez, Horacio Sosa Villavicencio, anunci\u00f3 que, con las medidas extremas sanitarias, llevar\u00e1 a cabo su cierre de campa\u00f1a, el cual se realizar\u00e1 en dos sedes diferentes.<\/p>\n\n\n\n<p>El primer evento tendr\u00e1 lugar este martes 1 de junio a las 18:00 horas frente al mercado de Zimatl\u00e1n de \u00c1lvarez.<\/p>\n\n\n\n<p>Mientras que el segundo se llevar\u00e1 a cabo el mi\u00e9rcoles 2 de junio en el municipio de Ocotl\u00e1n de Morelos, Oaxaca.<\/p>\n\n\n\n<p>Para el cual cit\u00f3 a la militancia morenista a las 17:00 horas, a que participen en una caminata que saldr\u00e1 del sitio denominado la Casa Piedra (a un costado de la gasolinera) para llegar a las 18:00 horas a la explanada del municipio en menci\u00f3n.<\/p>\n\n\n\n<p>El candidato morenista indic\u00f3 que estos dos eventos ser\u00e1n trascendentales rumbo al triunfo del 6 de junio. Llam\u00f3 a la militancia a estar atentos a defender la esperanza por un mejor Oaxaca y a no permitir que el PRIAN, regrese para saquear a Oaxaca.<\/p>\n\n\n\n<p>Sosa Villavicencio dijo que la Cuarta Transformaci\u00f3n contin\u00faa y que nada la detiene, que le gente est\u00e1 convencida de brindar su voto a Morena, porque es un partido que ha dado resultados positivos para el pueblo, y el \u00fanico que combate la corrupci\u00f3n.<\/p>\n\n\n\n<p>Fue enf\u00e1tico al decir que, durante los dos eventos, se tomar\u00e1n las medidas sanitarias extremas para proteger a la ciudadan\u00eda y evitar contagios, por el virus del Covid-19 que afecta al mundo entero.<\/p>\n","protected":false},"excerpt":{"rendered":"<p>Redacci\u00f3n\/Zona Roja. Oaxaca de Ju\u00e1rez, Oax., 1 de junio de 2021.- El candidato de Morena&hellip;<\/p>\n","protected":false},"author":2,"featured_media":27996,"comment_status":"closed","ping_status":"open","sticky":false,"template":"","format":"standard","meta":{"_lmt_disableupdate":"","_lmt_disable":"","_jetpack_memberships_contains_paid_content":false,"footnotes":""},"categories":[109,46],"tags":[444],"class_list":["post-27995","post","type-post","status-publish","format-standard","has-post-thumbnail","hentry","category-minuto-a-minuto","category-zona-blanca","tag-horacio-sosa-villavicencio"],"jetpack_featured_media_url":"https:\/\/zonaroja.com.mx\/wp-content\/uploads\/2021\/06\/INVITA-HORACIO-SOSA-1.jpeg","jetpack_sharing_enabled":true,"_links":{"self":[{"href":"https:\/\/zonaroja.com.mx\/index.php?rest_route=\/wp\/v2\/posts\/27995","targetHints":{"allow":["GET"]}}],"collection":[{"href":"https:\/\/zonaroja.com.mx\/index.php?rest_route=\/wp\/v2\/posts"}],"about":[{"href":"https:\/\/zonaroja.com.mx\/index.php?rest_route=\/wp\/v2\/types\/post"}],"author":[{"embeddable":true,"href":"https:\/\/zonaroja.com.mx\/index.php?rest_route=\/wp\/v2\/users\/2"}],"replies":[{"embeddable":true,"href":"https:\/\/zonaroja.com.mx\/index.php?rest_route=%2Fwp%2Fv2%2Fcomments&post=27995"}],"version-history":[{"count":1,"href":"https:\/\/zonaroja.com.mx\/index.php?rest_route=\/wp\/v2\/posts\/27995\/revisions"}],"predecessor-version":[{"id":27997,"href":"https:\/\/zonaroja.com.mx\/index.php?rest_route=\/wp\/v2\/posts\/27995\/revisions\/27997"}],"wp:featuredmedia":[{"embeddable":true,"href":"https:\/\/zonaroja.com.mx\/index.php?rest_route=\/wp\/v2\/media\/27996"}],"wp:attachment":[{"href":"https:\/\/zonaroja.com.mx\/index.php?rest_route=%2Fwp%2Fv2%2Fmedia&parent=27995"}],"wp:term":[{"taxonomy":"category","embeddable":true,"href":"https:\/\/zonaroja.com.mx\/index.php?rest_route=%2Fwp%2Fv2%2Fcategories&post=27995"},{"taxonomy":"post_tag","embeddable":true,"href":"https:\/\/zonaroja.com.mx\/index.php?rest_route=%2Fwp%2Fv2%2Ftags&post=27995"}],"curies":[{"name":"wp","href":"https:\/\/api.w.org\/{rel}","templated":true}]}}