{"id":28007,"date":"2021-06-01T17:18:51","date_gmt":"2021-06-01T22:18:51","guid":{"rendered":"http:\/\/www.zonaroja.com.mx\/?p=28007"},"modified":"2021-06-01T17:18:54","modified_gmt":"2021-06-01T22:18:54","slug":"tribunal-colegiado-ordena-reintegrar-a-los-dos-magistrados-nombrados-por-gobernador","status":"publish","type":"post","link":"https:\/\/zonaroja.com.mx\/?p=28007","title":{"rendered":"Tribunal Colegiado ordena reintegrar a los dos magistrados nombrados por gobernador"},"content":{"rendered":"\n<p>Evlin Arag\u00f3n\/Zona Roja.<\/p>\n\n\n\n<p>Oaxaca de Ju\u00e1rez, Oax., 1 de junio de 2021.- Pese a los se\u00f1alamientos en torno a la designaci\u00f3n de Isaac Soriano Reyes y Mois\u00e9s Molina Reyes como magistrados del Tribunal Superior de Justicia del Estado, el Poder Judicial de la Federaci\u00f3n orden\u00f3 reinstalarnos nuevamente.<\/p>\n\n\n\n<p>Fue el Segundo Tribunal Colegiado en Materia Civil y Administrativa del Decimotercer Circuito, encabezado por el magistrado Roberto Meixueiro Hern\u00e1ndez, el que determin\u00f3 fundada la queja de la Consejer\u00eda Jur\u00eddica del Gobierno de Oaxaca y determin\u00f3 la reinstalaci\u00f3n de ambos personajes.<\/p>\n\n\n\n<p>La autoridad federal dej\u00f3 sin efecto la suspensi\u00f3n provisional emitida por el juez de Juzgado 11 de Distrito con sede Oaxaca, derivada del amparo promovido por la juez \u00c9rika Mar\u00eda Rodr\u00edguez Rodr\u00edguez en contra de los nombramientos realizados por el gobernador, Alejandro Murat.&nbsp;<\/p>\n\n\n\n<p>El argumento de la demandante fue que el mandatario no respet\u00f3 el principio de la paridad de g\u00e9nero, el cual se utiliza para garantizar la igualdad entre hombres y mujeres en el acceso a puestos de representaci\u00f3n pol\u00edtica y de cualquier cargo p\u00fablico, a partir de la reforma de fecha 6 de junio de 2019.<\/p>\n\n\n\n<p>Sin embargo, la Consejer\u00eda Jur\u00eddica del Gobierno del Estado present\u00f3 un recurso de inconformidad, al argumentar que los actos revisten el car\u00e1cter de actos consumados \u2013 ya que ambos magistrados hab\u00edan entrado en funciones- y deviene improcedente conceder la suspensi\u00f3n.<\/p>\n\n\n\n<p>De acuerdo con el jur\u00eddico del Ejecutivo, la decisi\u00f3n del juez contraven\u00eda el inter\u00e9s social y el orden p\u00fablico, toda vez que la labor de ambos magistrados est\u00e1 dirigida a la sociedad oaxaque\u00f1a, de ah\u00ed que promovi\u00f3 un recurso en contra.&nbsp;&nbsp;&nbsp;<\/p>\n\n\n\n<p>La designaci\u00f3n de ambos personajes se llev\u00f3 a cabo el pasado 4 de mayo y se vio envuelta en la pol\u00e9mica, toda vez que el gobernador de Oaxaca, Alejandro Murat Hinojosa asumiera la responsabilidad, tras la dimisi\u00f3n del Congreso del Estado, conformado en su mayor\u00eda por legisladoras y legisladores de Morena.<\/p>\n\n\n\n<p>Las y los integrantes de la Legislatura local no pudieron ponerse de acuerdo y no completaron el qu\u00f3rum para realizar la Sesi\u00f3n Extraordinaria en la que se aprobar\u00edan las candidaturas a magistrados.<\/p>\n\n\n\n<p>Previamente, integrantes del Colectivo de Organizaciones por la Alerta de G\u00e9nero pidieron al Poder Legislativo revisar \u201ca toda conciencia, profesionalismo y responsabilidad civil los curr\u00edculums, hojas de vida y antecedentes de desempe\u00f1o profesional de quienes integran la terna que env\u00eda el gobernador para nombrar a la magistrada o magistrado del Tribunal Superior de Justicia\u201d.&nbsp;<\/p>\n","protected":false},"excerpt":{"rendered":"<p>Evlin Arag\u00f3n\/Zona Roja. Oaxaca de Ju\u00e1rez, Oax., 1 de junio de 2021.- Pese a los&hellip;<\/p>\n","protected":false},"author":2,"featured_media":28008,"comment_status":"closed","ping_status":"open","sticky":false,"template":"","format":"standard","meta":{"_lmt_disableupdate":"","_lmt_disable":"","_jetpack_memberships_contains_paid_content":false,"footnotes":""},"categories":[109,47],"tags":[223],"class_list":["post-28007","post","type-post","status-publish","format-standard","has-post-thumbnail","hentry","category-minuto-a-minuto","category-zona-gris","tag-poder-judicial-de-oaxaca"],"jetpack_featured_media_url":"https:\/\/zonaroja.com.mx\/wp-content\/uploads\/2021\/06\/Resolucion-Poder-Judicial-magistrados.jpg","jetpack_sharing_enabled":true,"_links":{"self":[{"href":"https:\/\/zonaroja.com.mx\/index.php?rest_route=\/wp\/v2\/posts\/28007","targetHints":{"allow":["GET"]}}],"collection":[{"href":"https:\/\/zonaroja.com.mx\/index.php?rest_route=\/wp\/v2\/posts"}],"about":[{"href":"https:\/\/zonaroja.com.mx\/index.php?rest_route=\/wp\/v2\/types\/post"}],"author":[{"embeddable":true,"href":"https:\/\/zonaroja.com.mx\/index.php?rest_route=\/wp\/v2\/users\/2"}],"replies":[{"embeddable":true,"href":"https:\/\/zonaroja.com.mx\/index.php?rest_route=%2Fwp%2Fv2%2Fcomments&post=28007"}],"version-history":[{"count":1,"href":"https:\/\/zonaroja.com.mx\/index.php?rest_route=\/wp\/v2\/posts\/28007\/revisions"}],"predecessor-version":[{"id":28009,"href":"https:\/\/zonaroja.com.mx\/index.php?rest_route=\/wp\/v2\/posts\/28007\/revisions\/28009"}],"wp:featuredmedia":[{"embeddable":true,"href":"https:\/\/zonaroja.com.mx\/index.php?rest_route=\/wp\/v2\/media\/28008"}],"wp:attachment":[{"href":"https:\/\/zonaroja.com.mx\/index.php?rest_route=%2Fwp%2Fv2%2Fmedia&parent=28007"}],"wp:term":[{"taxonomy":"category","embeddable":true,"href":"https:\/\/zonaroja.com.mx\/index.php?rest_route=%2Fwp%2Fv2%2Fcategories&post=28007"},{"taxonomy":"post_tag","embeddable":true,"href":"https:\/\/zonaroja.com.mx\/index.php?rest_route=%2Fwp%2Fv2%2Ftags&post=28007"}],"curies":[{"name":"wp","href":"https:\/\/api.w.org\/{rel}","templated":true}]}}