{"id":28013,"date":"2021-06-01T19:31:32","date_gmt":"2021-06-02T00:31:32","guid":{"rendered":"http:\/\/www.zonaroja.com.mx\/?p=28013"},"modified":"2021-06-01T19:31:35","modified_gmt":"2021-06-02T00:31:35","slug":"revelan-encuesta-que-da-triunfo-a-villacana-se-le-suman-universitarios","status":"publish","type":"post","link":"https:\/\/zonaroja.com.mx\/?p=28013","title":{"rendered":"Revelan encuesta que da triunfo a Villaca\u00f1a; se le suman universitarios"},"content":{"rendered":"\n<p>Redacci\u00f3n\/Yuridiana Sosa\/Zona Roja.<\/p>\n\n\n\n<p>Oaxaca de Ju\u00e1rez, Oax., 1 de junio de 2021.- La consultor\u00eda Instituto de Estudios e Investigaci\u00f3n en Ciencia Pol\u00edtica y Gobernanza, dio a conocer su sondeo sobre los candidatos a ediles de Oaxaca de Ju\u00e1rez, en que da a Javier Villaca\u00f1a 44.10 por ciento de preferencias, por 35.18 por ciento de Francisco Mart\u00ednez Neri.<\/p>\n\n\n\n<p>El resto de los siete contendientes, el que mayor puntaje tiene es Jes\u00fas Ruiz Olmedo, de Fuerza Por M\u00e9xico, con 6.02 por ciento.<\/p>\n\n\n\n<p>La encuesta fue elaborada con una representatividad de 157 secciones electorales y se elaboraron 625 cuestionarios a personas de m\u00e1s de 18 a\u00f1os de edad con credencial para votar; se levant\u00f3 del 28 al 30 de mayo de este a\u00f1o.<\/p>\n\n\n\n<figure class=\"wp-block-image size-large\"><img decoding=\"async\" width=\"680\" height=\"381\" src=\"http:\/\/www.zonaroja.com.mx\/wp-content\/uploads\/2021\/06\/Encuesta-Villacana-Javier.jpg\" alt=\"\" class=\"wp-image-28015\" srcset=\"https:\/\/zonaroja.com.mx\/wp-content\/uploads\/2021\/06\/Encuesta-Villacana-Javier.jpg 680w, https:\/\/zonaroja.com.mx\/wp-content\/uploads\/2021\/06\/Encuesta-Villacana-Javier-300x168.jpg 300w, https:\/\/zonaroja.com.mx\/wp-content\/uploads\/2021\/06\/Encuesta-Villacana-Javier-585x328.jpg 585w\" sizes=\"(max-width: 680px) 100vw, 680px\" \/><\/figure>\n\n\n\n<p>ADHESI\u00d3N UNIVERSITARIA<\/p>\n\n\n\n<p>Por otra parte, representantes de los sindicatos de Trabajadores Acad\u00e9micos de Universidad de Oaxaca (STAUO), de Trabajadores y Empleados de la Universidad Aut\u00f3noma \u201cBenito Ju\u00e1rez\u201d de Oaxaca (STEUABJO), de Empleado de Confianza de la Universidad Aut\u00f3noma \u201cBenito Ju\u00e1rez\u201d de Oaxaca (SECUABJO) y de Universitarios Acad\u00e9micos (SUA), integrados en la \u201cUni\u00f3n Intersindical de la UABJO\u201d, anunciaron su adhesi\u00f3n y respaldo a la campa\u00f1a del candidato com\u00fan de los partidos Acci\u00f3n Nacional, Revolucionario Institucional y de la Revoluci\u00f3n Democr\u00e1tica, Javier Villaca\u00f1a Jim\u00e9nez, para rescatar a Oaxaca.<\/p>\n\n\n\n<p>Durante un encuentro convocado por los cuatro sindicatos que representan m\u00e1s del 80 por ciento de la membres\u00eda de trabajadores de la M\u00e1xima Casa de Estudios, sus representantes Enrique Antonio Mart\u00ednez Mart\u00ednez, Alfonso Acevedo Mascar\u00faa, V\u00edctor Antonio Ric\u00e1rdez Espinosa, Beatriz Adriana Garc\u00eda Estrada, Silvano Cabrera G\u00f3mez, Octavio Salinas, Jorge L\u00f3pez, Ambrosio Aracen, Rafael Torres Vald\u00e9s, Javier Mar\u00edn, Gustavo Avenda\u00f1o Trujillo, Cristian Eder Carre\u00f1o L\u00f3pez, Jes\u00fas Molina Chimil, Ariel Abelardo Luj\u00e1n y Daniel Soto, anunciaron al abanderado a la presidencia municipal su respaldo y apoyo.<\/p>\n\n\n\n<p>Los dirigentes de estos cuatro importantes sindicatos de la Universidad Aut\u00f3noma \u201cBenito Ju\u00e1rez\u201d de Oaxaca, se\u00f1alaron que la decisi\u00f3n de respaldar la candidatura de Villaca\u00f1a Jim\u00e9nez, fue consensada por la membres\u00eda de cada uno de los \u00f3rganos sindicales, quienes han visto en el abanderado pri\u00edsta la mejor opci\u00f3n para recatar a la ciudad de Oaxaca del abandono en que se encuentra.<\/p>\n\n\n\n<p>Aclararon que su respaldo y su voto por Javier Villaca\u00f1a Jim\u00e9nez, no significa de ninguna manera un cheque en blanco ya que estar\u00e1n al pendiente de que se cumplan los compromisos hechos con la ciudadan\u00eda oaxaque\u00f1a para que regrese a nuestra capital la seguridad tanto en las calles como en el transporte p\u00fablico, los servicios b\u00e1sicos como recolecci\u00f3n de basura, reforestaci\u00f3n y cuidado al medio ambiente, as\u00ed como la recuperaci\u00f3n y mantenimiento de espacios deportivos,\u00a0 la rehabilitaci\u00f3n de calles y avenidas; pero sobre todo el apoyo a los j\u00f3venes y en especial a los universitarios.<\/p>\n\n\n\n<figure class=\"wp-block-image size-large\"><img decoding=\"async\" width=\"1024\" height=\"768\" src=\"http:\/\/www.zonaroja.com.mx\/wp-content\/uploads\/2021\/06\/Villacana-y-UABJO-1024x768.jpeg\" alt=\"\" class=\"wp-image-28016\" srcset=\"https:\/\/zonaroja.com.mx\/wp-content\/uploads\/2021\/06\/Villacana-y-UABJO-1024x768.jpeg 1024w, https:\/\/zonaroja.com.mx\/wp-content\/uploads\/2021\/06\/Villacana-y-UABJO-300x225.jpeg 300w, https:\/\/zonaroja.com.mx\/wp-content\/uploads\/2021\/06\/Villacana-y-UABJO-768x576.jpeg 768w, https:\/\/zonaroja.com.mx\/wp-content\/uploads\/2021\/06\/Villacana-y-UABJO-1536x1152.jpeg 1536w, https:\/\/zonaroja.com.mx\/wp-content\/uploads\/2021\/06\/Villacana-y-UABJO-1170x878.jpeg 1170w, https:\/\/zonaroja.com.mx\/wp-content\/uploads\/2021\/06\/Villacana-y-UABJO-585x439.jpeg 585w, https:\/\/zonaroja.com.mx\/wp-content\/uploads\/2021\/06\/Villacana-y-UABJO.jpeg 1600w\" sizes=\"(max-width: 1024px) 100vw, 1024px\" \/><\/figure>\n\n\n\n<p>CUIDAD CON COVID<\/p>\n\n\n\n<p>Previamente, en conferencia de prensa la ma\u00f1ana de este martes, el candidato a la presidencia de la capital, de la alianza \u201cVa por Oaxaca, Javier Villaca\u00f1a Jim\u00e9nez, resalt\u00f3 la importancia de respetar las medidas sanitarias frente al covid-19 al momento de ir a votar el pr\u00f3ximo 6 de junio.<\/p>\n\n\n\n<p>Record\u00f3 a la poblaci\u00f3n que la contingencia sanitaria contin\u00faa, por lo que es necesario acatar las disposiciones que las autoridades electorales y sanitarias consideraron para el desarrollo de la jornada el pr\u00f3ximo domingo, para evitar que el ejercicio democr\u00e1tico sea motivo de un repunte de casos.<\/p>\n\n\n\n<p>Villaca\u00f1a Jim\u00e9nez puntualiz\u00f3 que durante sus actividades de campa\u00f1a se respetaron las medidas, aunque reconoci\u00f3 que en el evento del cierre de actividades el pasado fin de semana la poblaci\u00f3n descuid\u00f3 algunas recomendaciones por la efervescencia natural de la ocasi\u00f3n.&nbsp;<\/p>\n\n\n\n<p>Por lo que precis\u00f3 que no se debe olvidar que la pandemia sigue activa.<\/p>\n\n\n\n<p>A dos d\u00edas del cierre del periodo de campa\u00f1as, el candidato continu\u00f3 con la firma de compromisos con los diferentes sectores, entre ellos el deportivo y el de habitantes originarios de otras regiones del estado.<\/p>\n\n\n\n<p>Con este \u00faltimo grupo se comprometi\u00f3 a ofrecer las garant\u00edas para que puedan desarrollar actividades culturales de sus comunidades en la capital, mismas que se dejaron de realizar ante los altos costos que el gobierno municipal les aplic\u00f3.<\/p>\n\n\n\n<p>Javier Villaca\u00f1a se siente satisfecho del trabajo que realiz\u00f3 en campa\u00f1a, donde sum\u00f3 respaldo y confianza, por lo que se siente seguro de los resultados a su favor el 6 de junio.<\/p>\n\n\n\n<p>En ese sentido, dijo que ser\u00eda preocupante que la oposici\u00f3n no acepte la derrota y entre en el c\u00edrculo de la descalificaci\u00f3n a los \u00f3rganos electorales, como lo hace cada vez que los resultados no les favorecen.<\/p>\n\n\n\n<figure class=\"wp-block-embed-twitter wp-block-embed is-type-rich is-provider-twitter\"><div class=\"wp-block-embed__wrapper\">\n<div class=\"twitter-tweet\"><blockquote class=\"twitter-tweet\" data-lang=\"es\"><p lang=\"es\" dir=\"ltr\">Nuestro compromiso siempre ser\u00e1 con y para la ciudadan\u00eda; hoy ante los medios de comunicaci\u00f3n reiteramos que no pararemos hasta mejorar nuestro municipio y brindarle un mejor futuro a todas y todos. \u00a1Este 6 de junio, <a href=\"https:\/\/twitter.com\/hashtag\/OaxacaDeJu%C3%A1rez?src=hash&amp;ref_src=twsrc%5Etfw\">#OaxacaDeJu\u00e1rez<\/a> volver\u00e1 a brillar! <a href=\"https:\/\/twitter.com\/hashtag\/JuntosLoHaremosDeNuevo?src=hash&amp;ref_src=twsrc%5Etfw\">#JuntosLoHaremosDeNuevo<\/a> <a href=\"https:\/\/t.co\/wNr9KWSNrJ\">pic.twitter.com\/wNr9KWSNrJ<\/a><\/p>&mdash; Javier Villaca\u00f1a (@JavierVillacana) <a href=\"https:\/\/twitter.com\/JavierVillacana\/status\/1399784061011259393?ref_src=twsrc%5Etfw\">1 de junio de 2021<\/a><\/blockquote><\/div>\n<\/div><\/figure>\n","protected":false},"excerpt":{"rendered":"<p>Redacci\u00f3n\/Yuridiana Sosa\/Zona Roja. Oaxaca de Ju\u00e1rez, Oax., 1 de junio de 2021.- La consultor\u00eda Instituto&hellip;<\/p>\n","protected":false},"author":2,"featured_media":28014,"comment_status":"closed","ping_status":"open","sticky":false,"template":"","format":"standard","meta":{"_lmt_disableupdate":"","_lmt_disable":"","_jetpack_memberships_contains_paid_content":false,"footnotes":""},"categories":[109,46],"tags":[2456],"class_list":["post-28013","post","type-post","status-publish","format-standard","has-post-thumbnail","hentry","category-minuto-a-minuto","category-zona-blanca","tag-javier-villacana-jimenez"],"jetpack_featured_media_url":"https:\/\/zonaroja.com.mx\/wp-content\/uploads\/2021\/06\/Conferencia-de-prensa-Javier-Villacana.jpg","jetpack_sharing_enabled":true,"_links":{"self":[{"href":"https:\/\/zonaroja.com.mx\/index.php?rest_route=\/wp\/v2\/posts\/28013","targetHints":{"allow":["GET"]}}],"collection":[{"href":"https:\/\/zonaroja.com.mx\/index.php?rest_route=\/wp\/v2\/posts"}],"about":[{"href":"https:\/\/zonaroja.com.mx\/index.php?rest_route=\/wp\/v2\/types\/post"}],"author":[{"embeddable":true,"href":"https:\/\/zonaroja.com.mx\/index.php?rest_route=\/wp\/v2\/users\/2"}],"replies":[{"embeddable":true,"href":"https:\/\/zonaroja.com.mx\/index.php?rest_route=%2Fwp%2Fv2%2Fcomments&post=28013"}],"version-history":[{"count":1,"href":"https:\/\/zonaroja.com.mx\/index.php?rest_route=\/wp\/v2\/posts\/28013\/revisions"}],"predecessor-version":[{"id":28017,"href":"https:\/\/zonaroja.com.mx\/index.php?rest_route=\/wp\/v2\/posts\/28013\/revisions\/28017"}],"wp:featuredmedia":[{"embeddable":true,"href":"https:\/\/zonaroja.com.mx\/index.php?rest_route=\/wp\/v2\/media\/28014"}],"wp:attachment":[{"href":"https:\/\/zonaroja.com.mx\/index.php?rest_route=%2Fwp%2Fv2%2Fmedia&parent=28013"}],"wp:term":[{"taxonomy":"category","embeddable":true,"href":"https:\/\/zonaroja.com.mx\/index.php?rest_route=%2Fwp%2Fv2%2Fcategories&post=28013"},{"taxonomy":"post_tag","embeddable":true,"href":"https:\/\/zonaroja.com.mx\/index.php?rest_route=%2Fwp%2Fv2%2Ftags&post=28013"}],"curies":[{"name":"wp","href":"https:\/\/api.w.org\/{rel}","templated":true}]}}