{"id":28018,"date":"2021-06-01T20:43:51","date_gmt":"2021-06-02T01:43:51","guid":{"rendered":"http:\/\/www.zonaroja.com.mx\/?p=28018"},"modified":"2021-06-01T20:43:54","modified_gmt":"2021-06-02T01:43:54","slug":"neri-tiene-tres-sondeos-con-numeros-a-su-favor-llama-a-salir-a-votar-en-paz","status":"publish","type":"post","link":"https:\/\/zonaroja.com.mx\/?p=28018","title":{"rendered":"Neri tiene tres sondeos con n\u00fameros a su favor; llama a salir a votar en paz"},"content":{"rendered":"\n<p>Redacci\u00f3n\/Zona Roja.<\/p>\n\n\n\n<p>Oaxaca de Ju\u00e1rez, Oax., 1 de junio de 2021.- El candidato de Morena a la presidencia municipal de Oaxaca de Ju\u00e1rez, Francisco Mart\u00ednez Neri, comparti\u00f3 hoy datos de tres encuestas que asegura le dan ventaja contra su m\u00e1s cercano competidor, Javier Villaca\u00f1a, del PAN-PRD-PRI.<\/p>\n\n\n\n<p>Seg\u00fan detall\u00f3 en conferencia de prensa, la empresa Enkoll le da 52% por ciento de preferencia electoral, mientras que a Villaca\u00f1a, 33%, lo que da una diferencia de 19 por ciento.<\/p>\n\n\n\n<p>Prospecta lo ubica con 47.67, mientras que a Villaca\u00f1a con 3.37%, una diferencia de 15.3%; y Ersa Corp con 39.1 y Villaca\u00f1a con 29.1; \u201cYo creo que va a ser m\u00e1s de 19 puntos de ventaja, creo que vamos a cerrar en 21\u201d, dijo.<\/p>\n\n\n\n<p>ELECCIONES EN PAZ<\/p>\n\n\n\n<p>Por otra parte, Mart\u00ednez Neri confi\u00f3 en que la pr\u00f3xima jornada electoral del 6 de junio se lleve a cabo en un clima de paz y tranquilidad.<\/p>\n\n\n\n<p>\u201cSi fuera necesario, que la Guardia&nbsp; Nacional (GN), participe para que se garantice la seguridad de los ciudadanos durante el proceso\u201d, dijo.<\/p>\n\n\n\n<p>Se\u00f1al\u00f3 que los que van a perder las elecciones utilizan pr\u00e1cticas para generar violencia&nbsp; como acto desesperado ya que saben que van a perder.<\/p>\n\n\n\n<p>En conferencia, inform\u00f3 que ma\u00f1ana ser\u00e1\u00a0 su cierre de campa\u00f1a con una marcha que partir\u00e1 de la Ciudad Universitaria, a las 17:00,\u00a0 hacia\u00a0 la Alameda de Le\u00f3n, lugar en el que, desde las 16:00, habr\u00e1 un programa art\u00edstico.<\/p>\n\n\n\n<figure class=\"wp-block-embed-twitter wp-block-embed is-type-rich is-provider-twitter\"><div class=\"wp-block-embed__wrapper\">\n<div class=\"twitter-tweet\"><blockquote class=\"twitter-tweet\" data-lang=\"es\"><p lang=\"es\" dir=\"ltr\">En conferencia de prensa, confirmamos la labor de los medios de comunicaci\u00f3n: el compartir informaci\u00f3n con imparcialidad, m\u00e9todo y an\u00e1lisis. Bajo esos elementos, la estad\u00edstica, la opini\u00f3n p\u00fablica y el an\u00e1lisis de expertos nos favorecen.<a href=\"https:\/\/twitter.com\/hashtag\/votoxnerivotoxmorena?src=hash&amp;ref_src=twsrc%5Etfw\">#votoxnerivotoxmorena<\/a> <a href=\"https:\/\/twitter.com\/hashtag\/OaxacaYaDecidi%C3%B3?src=hash&amp;ref_src=twsrc%5Etfw\">#OaxacaYaDecidi\u00f3<\/a> <a href=\"https:\/\/t.co\/we32sTuzMF\">pic.twitter.com\/we32sTuzMF<\/a><\/p>&mdash; Francisco Mtz. Neri (@FMartinezNeri) <a href=\"https:\/\/twitter.com\/FMartinezNeri\/status\/1399784943660711936?ref_src=twsrc%5Etfw\">1 de junio de 2021<\/a><\/blockquote><\/div>\n<\/div><\/figure>\n\n\n\n<p>El ex rector de la Universidad aut\u00f3noma Benito Ju\u00e1rez de Oaxaca (UABJO) se\u00f1al\u00f3&nbsp; que su marcha ser\u00e1 pr\u00e1cticamente para festejar el triunfo de las pr\u00f3ximas elecciones, ya que sabe que todos los votos lo favorecer\u00e1n.<\/p>\n\n\n\n<p>Asimismo, dijo que estar\u00e1 pendiente de c\u00f3mo avanza el proceso electoral para que no haya disturbios y reine la paz.<\/p>\n\n\n\n<p>Agreg\u00f3 que desde el inicio de la&nbsp; campa\u00f1a, inici\u00f3 arriba de todos sus contrincantes y hoy se mantiene en el&nbsp; primer lugar.<\/p>\n\n\n\n<p>Puntualiz\u00f3 que, conforme a su recorrido por las agencias, barrios y colonias del municipio de Oaxaca de Ju\u00e1rez, ha recibido el apoyo de los vecinos de todos los lugares, as\u00ed como de diversos sectores de la sociedad como empresarios, comerciantes, intelectuales, maestros, entre otros.<\/p>\n\n\n\n<p>Lament\u00f3 la pr\u00e1ctica de algunos pol\u00edticos que hacen trampa, que compran votos, que llevan acarreados, que dan despensas, a cambio de un voto.<\/p>\n\n\n\n<p>Acompa\u00f1ado de los integrantes de su planilla, el candidato del partido movimiento regeneraci\u00f3n nacional, se\u00f1al\u00f3 que las campa\u00f1as deben de disfrutarse y no sufrirlas.<\/p>\n\n\n\n<p>Indic\u00f3 que su regalo de cumplea\u00f1os, que se celebra este martes, se har\u00e1 palpable el pr\u00f3ximo 6 de junio cuando gane la jornada electoral.<\/p>\n\n\n\n<p>Subray\u00f3 que le va a dar gusto al pueblo, pues ser\u00e1&nbsp; el pueblo quien haya ganado las elecciones de una manera limpia y transparente. Eso lo compromete a realizar&nbsp; una administraci\u00f3n que se caracterice por la honradez y de puertas abiertas.<\/p>\n\n\n\n<p>Adelant\u00f3 que el pr\u00f3ximo 6 de junio saldr\u00e1n a las calles para festejar y celebrar la victoria de la 4T.<\/p>\n\n\n\n<figure class=\"wp-block-embed-twitter wp-block-embed is-type-rich is-provider-twitter\"><div class=\"wp-block-embed__wrapper\">\n<div class=\"twitter-tweet\"><blockquote class=\"twitter-tweet\" data-lang=\"es\"><p lang=\"es\" dir=\"ltr\">Ante la informaci\u00f3n falsa que se difunde en redes sociales informamos lo siguiente: <br><br>ES MENTIRA QUE SE VAYA A REALIZAR UNA CAMPA\u00d1A DE VACUNACI\u00d3N DURANTE EL CIERRE DE CAMPA\u00d1A. <br><br>Aqu\u00ed nuestra postura:<a href=\"https:\/\/twitter.com\/hashtag\/OaxacaYaDecidi%C3%B3?src=hash&amp;ref_src=twsrc%5Etfw\">#OaxacaYaDecidi\u00f3<\/a> <a href=\"https:\/\/t.co\/j0xtvlMKDn\">pic.twitter.com\/j0xtvlMKDn<\/a><\/p>&mdash; Francisco Mtz. Neri (@FMartinezNeri) <a href=\"https:\/\/twitter.com\/FMartinezNeri\/status\/1399883984482586629?ref_src=twsrc%5Etfw\">2 de junio de 2021<\/a><\/blockquote><\/div>\n<\/div><\/figure>\n","protected":false},"excerpt":{"rendered":"<p>Redacci\u00f3n\/Zona Roja. Oaxaca de Ju\u00e1rez, Oax., 1 de junio de 2021.- El candidato de Morena&hellip;<\/p>\n","protected":false},"author":2,"featured_media":28019,"comment_status":"closed","ping_status":"open","sticky":false,"template":"","format":"standard","meta":{"_lmt_disableupdate":"","_lmt_disable":"","_jetpack_memberships_contains_paid_content":false,"footnotes":""},"categories":[109,46],"tags":[2418],"class_list":["post-28018","post","type-post","status-publish","format-standard","has-post-thumbnail","hentry","category-minuto-a-minuto","category-zona-blanca","tag-francisco-martinez-neri"],"jetpack_featured_media_url":"https:\/\/zonaroja.com.mx\/wp-content\/uploads\/2021\/06\/Conferencia-Martinez-Neri-Francisco.jpg","jetpack_sharing_enabled":true,"_links":{"self":[{"href":"https:\/\/zonaroja.com.mx\/index.php?rest_route=\/wp\/v2\/posts\/28018","targetHints":{"allow":["GET"]}}],"collection":[{"href":"https:\/\/zonaroja.com.mx\/index.php?rest_route=\/wp\/v2\/posts"}],"about":[{"href":"https:\/\/zonaroja.com.mx\/index.php?rest_route=\/wp\/v2\/types\/post"}],"author":[{"embeddable":true,"href":"https:\/\/zonaroja.com.mx\/index.php?rest_route=\/wp\/v2\/users\/2"}],"replies":[{"embeddable":true,"href":"https:\/\/zonaroja.com.mx\/index.php?rest_route=%2Fwp%2Fv2%2Fcomments&post=28018"}],"version-history":[{"count":1,"href":"https:\/\/zonaroja.com.mx\/index.php?rest_route=\/wp\/v2\/posts\/28018\/revisions"}],"predecessor-version":[{"id":28020,"href":"https:\/\/zonaroja.com.mx\/index.php?rest_route=\/wp\/v2\/posts\/28018\/revisions\/28020"}],"wp:featuredmedia":[{"embeddable":true,"href":"https:\/\/zonaroja.com.mx\/index.php?rest_route=\/wp\/v2\/media\/28019"}],"wp:attachment":[{"href":"https:\/\/zonaroja.com.mx\/index.php?rest_route=%2Fwp%2Fv2%2Fmedia&parent=28018"}],"wp:term":[{"taxonomy":"category","embeddable":true,"href":"https:\/\/zonaroja.com.mx\/index.php?rest_route=%2Fwp%2Fv2%2Fcategories&post=28018"},{"taxonomy":"post_tag","embeddable":true,"href":"https:\/\/zonaroja.com.mx\/index.php?rest_route=%2Fwp%2Fv2%2Ftags&post=28018"}],"curies":[{"name":"wp","href":"https:\/\/api.w.org\/{rel}","templated":true}]}}