{"id":28021,"date":"2021-06-01T21:21:47","date_gmt":"2021-06-02T02:21:47","guid":{"rendered":"http:\/\/www.zonaroja.com.mx\/?p=28021"},"modified":"2021-06-01T21:21:50","modified_gmt":"2021-06-02T02:21:50","slug":"plantea-diputado-que-regidores-en-oaxaca-tambien-rindan-cuentas","status":"publish","type":"post","link":"https:\/\/zonaroja.com.mx\/?p=28021","title":{"rendered":"Plantea diputado que regidores en Oaxaca tambi\u00e9n rindan cuentas"},"content":{"rendered":"\n<p>Ismael Garc\u00eda M.\/Zona Roja.<\/p>\n\n\n\n<p>Oaxaca de Ju\u00e1rez, Oax., 1 de junio de 2021.- Con el prop\u00f3sito que los regidores de los ayuntamientos de Oaxaca se comprometan a la transparencia, la rendici\u00f3n de cuentas y la m\u00e1xima publicidad, el diputado local C\u00e9sar Morales Ni\u00f1o present\u00f3 una iniciativa para reformar la Ley Org\u00e1nica Municipal.<\/p>\n\n\n\n<p>En la propuesta presentada a la Diputaci\u00f3n Permanente del pasado mi\u00e9rcoles, detall\u00f3 que dicha norma se enfoca primordialmente a las atribuciones y obligaciones de los y las titulares de las presidencias municipales, sindicaturas o a quienes integran la Comisi\u00f3n de Hacienda; sin embargo, es muy gen\u00e9rico respecto a las actividades de las dem\u00e1s concejal\u00edas integrantes del ayuntamiento.<\/p>\n\n\n\n<p>Por ello, detall\u00f3 que se debe reformar la Ley Org\u00e1nica Municipal del Estado de Oaxaca, mediante la adici\u00f3n de la fracci\u00f3n IX, recorri\u00e9ndose la subsecuente del art\u00edculo 47 y las fracciones XIV y XV, recorri\u00e9ndose la subsecuente, del art\u00edculo 73.<\/p>\n\n\n\n<p>Con ello, se dotar\u00eda de mayores facultades y deberes a las y los regidores del gobierno municipal, para generar condiciones que permitan la actuaci\u00f3n \u00e9tica y responsable de cada persona con actividad de servidor p\u00fablico, promoviendo acciones para fortalecer la transparencia, la rendici\u00f3n de cuentas y el combate a la corrupci\u00f3n.<\/p>\n\n\n\n<p>Entre \u00e9stas, se encuentran la obligaci\u00f3n de presentar por parte de las y los regidores integrantes del ayuntamiento, un programa anual de trabajo, mismo que ser\u00e1 autorizado por el Cabildo.<\/p>\n\n\n\n<p>Presentar los informes de avances de sus actividades propias de su encargo, los cuales ser\u00e1n evaluados por el Cabildo.<\/p>\n\n\n\n<p>Asimismo, se considera prioritario establecer como responsabilidad administrativa el incumplimiento de la presentaci\u00f3n del programa anual de trabajo, as\u00ed como los informes cuatrimestrales de avance de actividades por parte de las y los regidores.<\/p>\n\n\n\n<p>Por lo que se faculta al ayuntamiento para establecer en sus ordenamientos municipales, las sanciones correspondientes dentro de los Bandos de Polic\u00eda y Reglamentos municipales.<\/p>\n\n\n\n<p>\u201cCon la inclusi\u00f3n de esos temas, se pretende que las regidur\u00edas de los ayuntamientos, asuman un papel m\u00e1s activo y participativo, que se encuentren obligados a informar sobre sus actividades, que el Cabildo los evalu\u00e9 y en su caso se sancionen las omisiones\u201d, detall\u00f3 en la exposici\u00f3n de motivos.<\/p>\n\n\n\n<p>Dijo que la gran beneficiaria de esta reforma ser\u00e1 la ciudadan\u00eda, porque ahora todas las y los regidores deber\u00e1n informar y transparentar su plan de trabajo e informar sobre los avances, ello genera mayor exigencia social de resultados, mayor trasparencia y permite que la ciudadan\u00eda sepa c\u00f3mo se est\u00e1n ejerciendo los recursos p\u00fablicos.&nbsp;&nbsp;&nbsp;<\/p>\n","protected":false},"excerpt":{"rendered":"<p>Ismael Garc\u00eda M.\/Zona Roja. Oaxaca de Ju\u00e1rez, Oax., 1 de junio de 2021.- Con el&hellip;<\/p>\n","protected":false},"author":2,"featured_media":19659,"comment_status":"closed","ping_status":"open","sticky":false,"template":"","format":"standard","meta":{"_lmt_disableupdate":"","_lmt_disable":"","_jetpack_memberships_contains_paid_content":false,"footnotes":""},"categories":[109,46],"tags":[612],"class_list":["post-28021","post","type-post","status-publish","format-standard","has-post-thumbnail","hentry","category-minuto-a-minuto","category-zona-blanca","tag-cesar-morales-nino"],"jetpack_featured_media_url":"https:\/\/zonaroja.com.mx\/wp-content\/uploads\/2020\/11\/Cesar-Morales-N.jpg","jetpack_sharing_enabled":true,"_links":{"self":[{"href":"https:\/\/zonaroja.com.mx\/index.php?rest_route=\/wp\/v2\/posts\/28021","targetHints":{"allow":["GET"]}}],"collection":[{"href":"https:\/\/zonaroja.com.mx\/index.php?rest_route=\/wp\/v2\/posts"}],"about":[{"href":"https:\/\/zonaroja.com.mx\/index.php?rest_route=\/wp\/v2\/types\/post"}],"author":[{"embeddable":true,"href":"https:\/\/zonaroja.com.mx\/index.php?rest_route=\/wp\/v2\/users\/2"}],"replies":[{"embeddable":true,"href":"https:\/\/zonaroja.com.mx\/index.php?rest_route=%2Fwp%2Fv2%2Fcomments&post=28021"}],"version-history":[{"count":1,"href":"https:\/\/zonaroja.com.mx\/index.php?rest_route=\/wp\/v2\/posts\/28021\/revisions"}],"predecessor-version":[{"id":28022,"href":"https:\/\/zonaroja.com.mx\/index.php?rest_route=\/wp\/v2\/posts\/28021\/revisions\/28022"}],"wp:featuredmedia":[{"embeddable":true,"href":"https:\/\/zonaroja.com.mx\/index.php?rest_route=\/wp\/v2\/media\/19659"}],"wp:attachment":[{"href":"https:\/\/zonaroja.com.mx\/index.php?rest_route=%2Fwp%2Fv2%2Fmedia&parent=28021"}],"wp:term":[{"taxonomy":"category","embeddable":true,"href":"https:\/\/zonaroja.com.mx\/index.php?rest_route=%2Fwp%2Fv2%2Fcategories&post=28021"},{"taxonomy":"post_tag","embeddable":true,"href":"https:\/\/zonaroja.com.mx\/index.php?rest_route=%2Fwp%2Fv2%2Ftags&post=28021"}],"curies":[{"name":"wp","href":"https:\/\/api.w.org\/{rel}","templated":true}]}}