{"id":28023,"date":"2021-06-01T21:54:49","date_gmt":"2021-06-02T02:54:49","guid":{"rendered":"http:\/\/www.zonaroja.com.mx\/?p=28023"},"modified":"2021-06-01T21:54:54","modified_gmt":"2021-06-02T02:54:54","slug":"pesa-al-dano-social-con-su-complicidad-en-el-congreso-benjamin-robles-quiere-reeleccion","status":"publish","type":"post","link":"https:\/\/zonaroja.com.mx\/?p=28023","title":{"rendered":"Pesa al da\u00f1o social con su complicidad en el Congreso, Benjam\u00edn Robles quiere reelecci\u00f3n"},"content":{"rendered":"\n<p>Yuridiana Sosa\/Zona Roja.<\/p>\n\n\n\n<p>Oaxaca de Ju\u00e1rez, Oax., 1 de junio de 2021.- Las decepciones sobre los diputados federal de la \u201cCuarta Transformaci\u00f3n\u201d para defender a la ciudadan\u00eda se reflejaron en la campa\u00f1a actual, donde la ciudadan\u00eda demand\u00f3 la devoluci\u00f3n de programas anulados por los representantes populares, se\u00f1al\u00f3 Jos\u00e9 Antonio Hern\u00e1ndez Fraguas, candidato a la diputaci\u00f3n federal del distrito VIII de la alianza \u201cVa por M\u00e9xico\u201d.<\/p>\n\n\n\n<p>Pese a ese reclamo de la ciudadan\u00eda, sentenci\u00f3 que el diputado federal con licencia, del Partido del Trabajo, Benjam\u00edn Robles Montoya, busque la reelecci\u00f3n al cargo, cuando fue el responsable por acci\u00f3n y omisi\u00f3n en sus votaciones de retirar programas y apoyos que ahora la poblaci\u00f3n reclama.<\/p>\n\n\n\n<p>En conferencia de prensa, el candidato junto a su suplente de f\u00f3rmula, Mariana Nassar Pi\u00f1eyro, enlist\u00f3 algunos de los programas que Robles Montoya aprob\u00f3 eliminar, as\u00ed haya sido con ausencia en la sesi\u00f3n o en omitir el voto.<\/p>\n\n\n\n<p>Mencion\u00f3 la disminuci\u00f3n de 904 millones de pesos en material de educaci\u00f3n, desarrollo social, seguridad, protecci\u00f3n civil e infraestructura.<\/p>\n\n\n\n<figure class=\"wp-block-embed-twitter wp-block-embed is-type-rich is-provider-twitter\"><div class=\"wp-block-embed__wrapper\">\n<div class=\"twitter-tweet\"><blockquote class=\"twitter-tweet\" data-lang=\"es\"><p lang=\"es\" dir=\"ltr\">\u201cLa ciudadan\u00eda se siente traicionada por las decisiones irresponsables que han tomado las y los diputados federales de Morena y del PT, como <a href=\"https:\/\/twitter.com\/BenjaminRoblesM?ref_src=twsrc%5Etfw\">@BenjaminRoblesM<\/a>, quienes lejos de actuar como representantes del pueblo, han actuado en su contra\u201d, dijo hoy <a href=\"https:\/\/twitter.com\/JAHFraguas?ref_src=twsrc%5Etfw\">@JAHFraguas<\/a>, en conferencia. <a href=\"https:\/\/t.co\/qaFrz8l956\">pic.twitter.com\/qaFrz8l956<\/a><\/p>&mdash; Zona Roja Oaxaca (@Zona_Roja_Oax) <a href=\"https:\/\/twitter.com\/Zona_Roja_Oax\/status\/1399920579273179136?ref_src=twsrc%5Etfw\">2 de junio de 2021<\/a><\/blockquote><\/div>\n<\/div><\/figure>\n\n\n\n<p>El candidato de PRI-PAN- PRD apunt\u00f3 que el petista aval\u00f3 la desaparici\u00f3n de comedores comunitarios que atend\u00eda a 25 mil personas con pobreza alimentaria en Oaxaca; prospera, estancias infantiles; escuelas de tiempo completo.<\/p>\n\n\n\n<p>As\u00ed como 109 fideicomisos, 17 programas que atend\u00edan la primera infancia; recursos para atenci\u00f3n de c\u00e1ncer de mama y para los refugios para mujeres v\u00edctimas de violencia; recorte del 80 por ciento del presupuesto a construcci\u00f3n de carreteras y 70 por ciento menos para el fomento agr\u00edcola, pesquero y ganadero, entre otros.<\/p>\n\n\n\n<p>\u201cLa ciudadan\u00eda est\u00e1 decepcionada, pero principalmente se siente traicionada por las decisiones irresponsables que han tomado los diputados federales de Morena y PT\u201d, sentenci\u00f3.<\/p>\n\n\n\n<figure class=\"wp-block-embed-twitter wp-block-embed is-type-rich is-provider-twitter\"><div class=\"wp-block-embed__wrapper\">\n<div class=\"twitter-tweet\"><blockquote class=\"twitter-tweet\" data-lang=\"es\"><p lang=\"es\" dir=\"ltr\"><a href=\"https:\/\/twitter.com\/hashtag\/ENVIVO?src=hash&amp;ref_src=twsrc%5Etfw\">#ENVIVO<\/a><br>Oaxaca de Ju\u00e1rez, Oax., 1 de junio de 2021.- Conferencia de prensa de los candidatos a diputado federal por el distrito VIII, <a href=\"https:\/\/twitter.com\/JAHFraguas?ref_src=twsrc%5Etfw\">@JAHFraguas<\/a> y <a href=\"https:\/\/twitter.com\/nassarmariana?ref_src=twsrc%5Etfw\">@nassarmariana<\/a>.<br>Siga aqu\u00ed la transmisi\u00f3n:<br>\ud83d\udc47<a href=\"https:\/\/t.co\/WqEcIkdqWZ\">https:\/\/t.co\/WqEcIkdqWZ<\/a> <a href=\"https:\/\/t.co\/TidTLOaI1Y\">pic.twitter.com\/TidTLOaI1Y<\/a><\/p>&mdash; Zona Roja Oaxaca (@Zona_Roja_Oax) <a href=\"https:\/\/twitter.com\/Zona_Roja_Oax\/status\/1399769036192370699?ref_src=twsrc%5Etfw\">1 de junio de 2021<\/a><\/blockquote><\/div>\n<\/div><\/figure>\n\n\n\n<p>Agreg\u00f3 que esos partidos han provocado graves retrocesos en el desarrollo de M\u00e9xico en diferentes aspectos.<\/p>\n\n\n\n<p>Jos\u00e9 Antonio Hern\u00e1ndez y Mariana Nassar refrendaron su compromiso por implementar una agenda legislativa responsable a favor de la poblaci\u00f3n, haciendo lo necesario para que los programas arrebatados vuelvan, adem\u00e1s de implementar otros m\u00e1s a favor de la salud y econom\u00eda.<\/p>\n\n\n\n<p>Pero tambi\u00e9n destacaron que ser\u00e1n una oposici\u00f3n responsable, pero colaborativa con los planteamientos que realice el presidente Andr\u00e9s Manuel L\u00f3pez Obrador a favor de M\u00e9xico, pues el deseo es que el pa\u00eds alcance el desarrollo.<\/p>\n","protected":false},"excerpt":{"rendered":"<p>Yuridiana Sosa\/Zona Roja. Oaxaca de Ju\u00e1rez, Oax., 1 de junio de 2021.- Las decepciones sobre&hellip;<\/p>\n","protected":false},"author":2,"featured_media":28024,"comment_status":"closed","ping_status":"open","sticky":false,"template":"","format":"standard","meta":{"_lmt_disableupdate":"","_lmt_disable":"","_jetpack_memberships_contains_paid_content":false,"footnotes":""},"categories":[109,46],"tags":[2592],"class_list":["post-28023","post","type-post","status-publish","format-standard","has-post-thumbnail","hentry","category-minuto-a-minuto","category-zona-blanca","tag-jose-antonio-hernandez-fraguas"],"jetpack_featured_media_url":"https:\/\/zonaroja.com.mx\/wp-content\/uploads\/2021\/06\/Jose-Antonio-Hernandez-Fraguas.jpg","jetpack_sharing_enabled":true,"_links":{"self":[{"href":"https:\/\/zonaroja.com.mx\/index.php?rest_route=\/wp\/v2\/posts\/28023","targetHints":{"allow":["GET"]}}],"collection":[{"href":"https:\/\/zonaroja.com.mx\/index.php?rest_route=\/wp\/v2\/posts"}],"about":[{"href":"https:\/\/zonaroja.com.mx\/index.php?rest_route=\/wp\/v2\/types\/post"}],"author":[{"embeddable":true,"href":"https:\/\/zonaroja.com.mx\/index.php?rest_route=\/wp\/v2\/users\/2"}],"replies":[{"embeddable":true,"href":"https:\/\/zonaroja.com.mx\/index.php?rest_route=%2Fwp%2Fv2%2Fcomments&post=28023"}],"version-history":[{"count":1,"href":"https:\/\/zonaroja.com.mx\/index.php?rest_route=\/wp\/v2\/posts\/28023\/revisions"}],"predecessor-version":[{"id":28025,"href":"https:\/\/zonaroja.com.mx\/index.php?rest_route=\/wp\/v2\/posts\/28023\/revisions\/28025"}],"wp:featuredmedia":[{"embeddable":true,"href":"https:\/\/zonaroja.com.mx\/index.php?rest_route=\/wp\/v2\/media\/28024"}],"wp:attachment":[{"href":"https:\/\/zonaroja.com.mx\/index.php?rest_route=%2Fwp%2Fv2%2Fmedia&parent=28023"}],"wp:term":[{"taxonomy":"category","embeddable":true,"href":"https:\/\/zonaroja.com.mx\/index.php?rest_route=%2Fwp%2Fv2%2Fcategories&post=28023"},{"taxonomy":"post_tag","embeddable":true,"href":"https:\/\/zonaroja.com.mx\/index.php?rest_route=%2Fwp%2Fv2%2Ftags&post=28023"}],"curies":[{"name":"wp","href":"https:\/\/api.w.org\/{rel}","templated":true}]}}