{"id":28029,"date":"2021-06-01T22:33:00","date_gmt":"2021-06-02T03:33:00","guid":{"rendered":"http:\/\/www.zonaroja.com.mx\/?p=28029"},"modified":"2021-06-01T22:33:04","modified_gmt":"2021-06-02T03:33:04","slug":"hospitalizan-a-7-personas-por-covid-en-24-horas-hay-79-encamados","status":"publish","type":"post","link":"https:\/\/zonaroja.com.mx\/?p=28029","title":{"rendered":"Hospitalizan a 7 personas por Covid en 24 horas; hay 79 encamados"},"content":{"rendered":"\n<p>Redacci\u00f3n\/Zona Roja.<\/p>\n\n\n\n<p>Oaxaca de Ju\u00e1rez, Oax. 1 de junio de 2021.- Los Servicios de Salud de Oaxaca (SSO) reportaron este 1 de junio un acumulado de 47 mil 254 casos confirmados de Covid-19, de los cuales 172 est\u00e1n activos, el 51% se ubican en la regi\u00f3n de Valles Centrales.<\/p>\n\n\n\n<p>En un comunicado, la dependencia \u201clament\u00f3\u201d que en el informe de este martes la entidad alcanzara la cifra de tres mil 737 defunciones a causa de la pandemia, del total, dos mil 419 eran personas del sexo masculino y mil 318 del femenino.<\/p>\n\n\n\n<p>Indic\u00f3 que desde el inicio de la emergencia sanitaria, 79 mil 066 pacientes han presentado s\u00edntomas relacionados a la enfermedad, de los cuales 27 mil 091 resultaron negativos, cuatro mil 721 se encuentran como sospechosos y hay un total de 43 mil 345 personas recuperadas.<\/p>\n\n\n\n<p>Precis\u00f3 que de las 172 personas que presentan la patolog\u00eda en etapa activa, es decir, que enfermaron en los \u00faltimos 14 d\u00edas, 88 son residentes de Valles Centrales, 28 del Istmo, 23 de la Costa, 16 de la Sierra, nueve de Tuxtepec y ocho de la Mixteca.<\/p>\n\n\n\n<figure class=\"wp-block-embed-twitter wp-block-embed is-type-rich is-provider-twitter\"><div class=\"wp-block-embed__wrapper\">\n<div class=\"twitter-tweet\"><blockquote class=\"twitter-tweet\" data-lang=\"es\"><p lang=\"es\" dir=\"ltr\"><a href=\"https:\/\/twitter.com\/hashtag\/%C3%9AltimoMinuto?src=hash&amp;ref_src=twsrc%5Etfw\">#\u00daltimoMinuto<\/a><br>En el caso de <a href=\"https:\/\/twitter.com\/hashtag\/Oaxaca?src=hash&amp;ref_src=twsrc%5Etfw\">#Oaxaca<\/a>, los Servicios de Salud reportaron este martes 41 nuevos casos de Covid-19, que suman un total de 47 mil 254 casos confirmados.<br>As\u00ed tambi\u00e9n, dos nuevas defunciones, para un acumulado de tres mil 737 fallecimientos.<a href=\"https:\/\/twitter.com\/hashtag\/Qu%C3%A9dateEnCasa?src=hash&amp;ref_src=twsrc%5Etfw\">#Qu\u00e9dateEnCasa<\/a> <a href=\"https:\/\/t.co\/mTKcdkQqG6\">pic.twitter.com\/mTKcdkQqG6<\/a><\/p>&mdash; Zona Roja Oaxaca (@Zona_Roja_Oax) <a href=\"https:\/\/twitter.com\/Zona_Roja_Oax\/status\/1399897967461552132?ref_src=twsrc%5Etfw\">2 de junio de 2021<\/a><\/blockquote><\/div>\n<\/div><\/figure>\n\n\n\n<p>Respecto al global de casos positivos, se\u00f1al\u00f3, que al corte de hoy se notificaron 41 casos nuevos en 22 municipios, principalmente en Oaxaca de Ju\u00e1rez con 10 pacientes, Santa Luc\u00eda del Camino con seis, Salina Cruz con cuatro, as\u00ed como la Heroica Ciudad de Tlaxiaco y Soledad Etla con dos respectivamente, el resto con una notificaci\u00f3n.<\/p>\n\n\n\n<p>En cuanto a la distribuci\u00f3n geogr\u00e1fica de contagios acumulados, mencion\u00f3 que 32 mil 094 corresponden a la Jurisdicci\u00f3n Sanitaria de Valles Centrales, de los cuales mil 896 son defunciones; el Istmo acumula cuatro mil 096 casos y 676 decesos; Tuxtepec dos mil 926 y 353 muertes; la Costa dos mil 442 y 271 fallecimientos; en la Mixteca cuatro mil 008 y 351 personas han perdido la vida; por \u00faltimo, la Sierra con mil 688 y 190 p\u00e9rdidas fatales.<\/p>\n\n\n\n<p>Recalc\u00f3 que los hospitales que atienden pacientes con Covid-19 en la entidad, reportan una ocupaci\u00f3n de manera general del 16.5%, siete personas fueron ingresadas a la red m\u00e9dica en las \u00faltimas 24 horas, por lo que hay un total de 79 pacientes hospitalizados, y seis nosocomios se encuentran al 100% de su capacidad.<\/p>\n","protected":false},"excerpt":{"rendered":"<p>Redacci\u00f3n\/Zona Roja. Oaxaca de Ju\u00e1rez, Oax. 1 de junio de 2021.- Los Servicios de Salud&hellip;<\/p>\n","protected":false},"author":2,"featured_media":28030,"comment_status":"closed","ping_status":"open","sticky":false,"template":"","format":"standard","meta":{"_lmt_disableupdate":"","_lmt_disable":"","_jetpack_memberships_contains_paid_content":false,"footnotes":""},"categories":[109,47],"tags":[1512],"class_list":["post-28029","post","type-post","status-publish","format-standard","has-post-thumbnail","hentry","category-minuto-a-minuto","category-zona-gris","tag-coronavirus-oaxaca"],"jetpack_featured_media_url":"https:\/\/zonaroja.com.mx\/wp-content\/uploads\/2021\/06\/SSO-2.jpeg","jetpack_sharing_enabled":true,"_links":{"self":[{"href":"https:\/\/zonaroja.com.mx\/index.php?rest_route=\/wp\/v2\/posts\/28029","targetHints":{"allow":["GET"]}}],"collection":[{"href":"https:\/\/zonaroja.com.mx\/index.php?rest_route=\/wp\/v2\/posts"}],"about":[{"href":"https:\/\/zonaroja.com.mx\/index.php?rest_route=\/wp\/v2\/types\/post"}],"author":[{"embeddable":true,"href":"https:\/\/zonaroja.com.mx\/index.php?rest_route=\/wp\/v2\/users\/2"}],"replies":[{"embeddable":true,"href":"https:\/\/zonaroja.com.mx\/index.php?rest_route=%2Fwp%2Fv2%2Fcomments&post=28029"}],"version-history":[{"count":1,"href":"https:\/\/zonaroja.com.mx\/index.php?rest_route=\/wp\/v2\/posts\/28029\/revisions"}],"predecessor-version":[{"id":28031,"href":"https:\/\/zonaroja.com.mx\/index.php?rest_route=\/wp\/v2\/posts\/28029\/revisions\/28031"}],"wp:featuredmedia":[{"embeddable":true,"href":"https:\/\/zonaroja.com.mx\/index.php?rest_route=\/wp\/v2\/media\/28030"}],"wp:attachment":[{"href":"https:\/\/zonaroja.com.mx\/index.php?rest_route=%2Fwp%2Fv2%2Fmedia&parent=28029"}],"wp:term":[{"taxonomy":"category","embeddable":true,"href":"https:\/\/zonaroja.com.mx\/index.php?rest_route=%2Fwp%2Fv2%2Fcategories&post=28029"},{"taxonomy":"post_tag","embeddable":true,"href":"https:\/\/zonaroja.com.mx\/index.php?rest_route=%2Fwp%2Fv2%2Ftags&post=28029"}],"curies":[{"name":"wp","href":"https:\/\/api.w.org\/{rel}","templated":true}]}}