{"id":28041,"date":"2021-06-02T09:17:54","date_gmt":"2021-06-02T14:17:54","guid":{"rendered":"http:\/\/www.zonaroja.com.mx\/?p=28041"},"modified":"2021-06-02T09:17:58","modified_gmt":"2021-06-02T14:17:58","slug":"simulan-los-servicios-de-salud-respuesta-a-sindicato-de-salud-impugnaran","status":"publish","type":"post","link":"https:\/\/zonaroja.com.mx\/?p=28041","title":{"rendered":"Simulan los Servicios de Salud respuesta a sindicato de salud; impugnaran"},"content":{"rendered":"\n<p>Evlin Arag\u00f3n\/Zona Roja.<\/p>\n\n\n\n<p>Oaxaca de Ju\u00e1rez, Oax., 2 de junio de 2021.- El gobierno de Oaxaca simul\u00f3 dar atenci\u00f3n a la problem\u00e1tica que desde hace m\u00e1s de un a\u00f1o demanda el Sindicato Independiente de Trabajadores del Sector Salud Similares y Conexos del Estado de Oaxaca, con respecto a la contrataci\u00f3n de personal que fue liquidado del Seguro Popular, luego de su desaparici\u00f3n.&nbsp;<\/p>\n\n\n\n<p>As\u00ed lo dio a conocer Mar\u00eda del Carmen Noriega Ag\u00fcero, secretaria general de la gremial, quien detall\u00f3 que con fecha 26 de mayo, el Juez Tercero de Distrito con sede en Oaxaca resolvi\u00f3 un amparo promovido por ella y dio como v\u00e1lida la respuesta parcial de los Servicios de Salud con respecto al tema.&nbsp;<\/p>\n\n\n\n<p>Explico que la autoridad en materia de salud \u00fanicamente inform\u00f3 que ha llevado a cabo gestiones para la contrataci\u00f3n del personal, sin embargo, est\u00e1 no se ha concretado por lo que el tema de ninguna forma est\u00e1 resuelto.\u00a0<\/p>\n\n\n\n<p>Pese a ello, la autoridad judicial dio por v\u00e1lida dicha respuesta, lo cual dijo resulta sospechoso, ya que \u00e9l mismo juez, en marzo pasado, hab\u00eda emitido una resoluci\u00f3n en donde advert\u00eda la posibilidad de destituir al titular de la Secretar\u00eda de Salud, en caso de no dar atenci\u00f3n puntual a la demanda laboral de la gremial.&nbsp;<\/p>\n\n\n\n<p>\u201cLa parte patronal no ha cumplido, resulta sospechoso que la autoridad judicial resuelva a favor del Estado cuando este no ha cumplido, los compa\u00f1eros que eran del Seguro Popular no han sido contratados, a pesar de que el dinero para su contrataci\u00f3n lleg\u00f3 desde el a\u00f1o pasado\u201d, refiri\u00f3.&nbsp;<\/p>\n\n\n\n<p>Noriega Ag\u00fcero explic\u00f3 que van a apelar la respuesta que emiti\u00f3 el juez, ya que no est\u00e1n de acuerdo en que se pretenda simular la atenci\u00f3n a la demanda del sindicato, asegurando que las gestiones ante la Federaci\u00f3n son obligaci\u00f3n del Estado y no forman parte de la exigencia de la base trabajadora.<\/p>\n\n\n\n<p>Detall\u00f3 que la principal demanda, desde hace m\u00e1s de un a\u00f1o, es la contrataci\u00f3n de 220 trabajadoras y trabajadores a la estructura del Instituto de Salud para el Bienestar, de ah\u00ed que, ante la nula respuesta, promovi\u00f3 un amparo con la intenci\u00f3n de que la autoridad resolviera de una vez por todas el tema laboral.&nbsp;<\/p>\n\n\n\n<p>As\u00ed mismo indic\u00f3 que fue el 28 de febrero del 2020 que se emiti\u00f3 un oficio firmado por el maestro Juan Antonio Ferrer, director del INSABI, mediante el cual se orden\u00f3 la contrataci\u00f3n del personal de manera paulatina a los Servicios de Salud, lo cual no sucedi\u00f3.&nbsp;<\/p>\n\n\n\n<p>\u201cSeg\u00fan el Estado ya cumpli\u00f3 porque ya hizo unas gestiones ante el INSABI, pero eso no quiere decir que cumpli\u00f3 por que la gestiones las tienen que realizar como parte de sus funciones, m\u00e1s no cumpli\u00f3 con la contrataci\u00f3n, ni con la respuesta al oficio emitido el 28 de febrero\u201d, sentenci\u00f3.<\/p>\n\n\n\n<p>Finalmente, la l\u00edder sindical manifest\u00f3 que es de extra\u00f1ar la respuesta completamente opuesta del juez, cuando previamente advirti\u00f3 la destituci\u00f3n del funcionario y la emisi\u00f3n de una multa por no cumplir con la contrataci\u00f3n, de ah\u00ed que valoran reiniciar sus movilizaciones y la ruta jur\u00eddica a seguir para defender sus derechos laborales.&nbsp;<\/p>\n","protected":false},"excerpt":{"rendered":"<p>Evlin Arag\u00f3n\/Zona Roja. Oaxaca de Ju\u00e1rez, Oax., 2 de junio de 2021.- El gobierno de&hellip;<\/p>\n","protected":false},"author":2,"featured_media":9986,"comment_status":"closed","ping_status":"open","sticky":false,"template":"","format":"standard","meta":{"_lmt_disableupdate":"","_lmt_disable":"","_jetpack_memberships_contains_paid_content":false,"footnotes":""},"categories":[109,47],"tags":[1005],"class_list":["post-28041","post","type-post","status-publish","format-standard","has-post-thumbnail","hentry","category-minuto-a-minuto","category-zona-gris","tag-servicios-de-salud-de-oaxaca-sso"],"jetpack_featured_media_url":"https:\/\/zonaroja.com.mx\/wp-content\/uploads\/2020\/03\/Servicios-de-Salud-de-Oaxaca-2.png","jetpack_sharing_enabled":true,"_links":{"self":[{"href":"https:\/\/zonaroja.com.mx\/index.php?rest_route=\/wp\/v2\/posts\/28041","targetHints":{"allow":["GET"]}}],"collection":[{"href":"https:\/\/zonaroja.com.mx\/index.php?rest_route=\/wp\/v2\/posts"}],"about":[{"href":"https:\/\/zonaroja.com.mx\/index.php?rest_route=\/wp\/v2\/types\/post"}],"author":[{"embeddable":true,"href":"https:\/\/zonaroja.com.mx\/index.php?rest_route=\/wp\/v2\/users\/2"}],"replies":[{"embeddable":true,"href":"https:\/\/zonaroja.com.mx\/index.php?rest_route=%2Fwp%2Fv2%2Fcomments&post=28041"}],"version-history":[{"count":1,"href":"https:\/\/zonaroja.com.mx\/index.php?rest_route=\/wp\/v2\/posts\/28041\/revisions"}],"predecessor-version":[{"id":28042,"href":"https:\/\/zonaroja.com.mx\/index.php?rest_route=\/wp\/v2\/posts\/28041\/revisions\/28042"}],"wp:featuredmedia":[{"embeddable":true,"href":"https:\/\/zonaroja.com.mx\/index.php?rest_route=\/wp\/v2\/media\/9986"}],"wp:attachment":[{"href":"https:\/\/zonaroja.com.mx\/index.php?rest_route=%2Fwp%2Fv2%2Fmedia&parent=28041"}],"wp:term":[{"taxonomy":"category","embeddable":true,"href":"https:\/\/zonaroja.com.mx\/index.php?rest_route=%2Fwp%2Fv2%2Fcategories&post=28041"},{"taxonomy":"post_tag","embeddable":true,"href":"https:\/\/zonaroja.com.mx\/index.php?rest_route=%2Fwp%2Fv2%2Ftags&post=28041"}],"curies":[{"name":"wp","href":"https:\/\/api.w.org\/{rel}","templated":true}]}}