{"id":28043,"date":"2021-06-02T09:25:10","date_gmt":"2021-06-02T14:25:10","guid":{"rendered":"http:\/\/www.zonaroja.com.mx\/?p=28043"},"modified":"2021-06-02T09:25:17","modified_gmt":"2021-06-02T14:25:17","slug":"se-suman-voces-a-la-campana-justicia-para-sol-es-justicia-para-todas","status":"publish","type":"post","link":"https:\/\/zonaroja.com.mx\/?p=28043","title":{"rendered":"Se suman voces a la campa\u00f1a \u201cJusticia para Sol es justicia para todas\u201d"},"content":{"rendered":"\n<p>Evlin Arag\u00f3n\/Zona Roja.<\/p>\n\n\n\n<p>Oaxaca de Ju\u00e1rez, Oax., 2 de junio de 2021.- Mar\u00eda Fernanda y Paulina, ambas hermanas de Mar\u00eda del Sol, difundieron un video para exigir justicia por la joven, a tres a\u00f1os de su asesinato.<\/p>\n\n\n\n<p>Lo anterior como parte de campa\u00f1a denominada \u201cJusticia para Sol, es justicia para todas\u201d, con la cual buscan evidenciar la falta de acci\u00f3n por parte de las autoridades, a tres a\u00f1os de la violencia que le arrebato la vida a la fotorreportera.&nbsp;<\/p>\n\n\n\n<p>A la campa\u00f1a r\u00e1pidamente se unieron otras voces como las de Leylani Victoria Ortiz y Elvira Hern\u00e1ndez Carballido, ambas manifestando su solidaridad para la periodista Soledad Jarqu\u00edn Edgar, que desde hace tres a\u00f1os exige justicia para la m\u00e1s peque\u00f1a de sus hijas.&nbsp;<\/p>\n\n\n\n<p>Las periodistas Ana Luisa Cantoral y Citlalli L\u00f3pez hicieron lo propio y compartieron una publicaci\u00f3n en la que exigen justicia y un alto a la impunidad que, lamentablemente se traduce en permisibilidad.&nbsp;<\/p>\n\n\n\n<p>\u201cEn un estado donde los favores pol\u00edticos son la caracter\u00edstica de la impunidad en Oaxaca, hoy a casi tres a\u00f1os, seguimos exigiendo justicia para miles de mujeres que han sido asesinadas\u201d, refiri\u00f3 Ana Luisa Cantoral, quien se enfrent\u00f3 a la violencia de g\u00e9nero en carne propia, misma que la oblig\u00f3 a autoexiliarse para salvaguardar su integridad f\u00edsica.&nbsp;<\/p>\n\n\n\n<p>\u201cLa impunidad es el motor que alienta a que a las mujeres se nos siga violentando. Es por ello que decir que justicia para Sol, es justicia para todas\u201d, sentenci\u00f3 la periodista Citlalli L\u00f3pez.&nbsp;<\/p>\n\n\n\n<p>Al llamado de justicia se unieron las integrantes de Gesmujer, quienes cuestionario que tres a\u00f1os y dos fiscales no sean suficientes para que la familia de Mar\u00eda del Sol acceda a la justicia, por el contrario, aseguraron hay con investigaciones con graves irregularidades, omisiones e incapacidad para hacer justicia.<\/p>\n\n\n\n<p>\u201cLa impunidad sigue. Nos sumamos a la exigencia de Justicia Sol y para las 526 mujeres v\u00edctimas de la violencia feminicida en Oaxaca. Castigo a los responsables. Justicia para Sol.&nbsp;<\/p>\n\n\n\n<p>Alfonsa Mart\u00ednez, quien tambi\u00e9n se ha enfrentado a la violencia de g\u00e9nero y la inacci\u00f3n de las autoridades, y B\u00e1rbara Garc\u00eda Ch\u00e1vez, amiga personal de la familia de Mar\u00eda del Sol, tambi\u00e9n se unieron. Est\u00e1 \u00faltima exigi\u00f3 c\u00e1rcel para el ex fiscal Rub\u00e9n Vasconcelos M\u00e9ndez.&nbsp;<\/p>\n\n\n\n<p>Lupita Ramos, Juana Mar\u00eda Nava y Graciela Machuca, activistas y defensoras de derechos humanos de Jalisco, Nuevo Le\u00f3n y Quintana Roo, hicieron lo propio. \u00c9sta \u00faltima pidi\u00f3 c\u00e1rcel para los funcionarios corruptos, dentro de ellos el ex fiscal Rub\u00e9n Vasconcelos M\u00e9ndez.&nbsp;<\/p>\n\n\n\n<p>\u201cYa basta de impunidad y simulaci\u00f3n ante la violencia feminicida. Basta de funcionarios corruptos como el ex fiscal de Oaxaca, Rub\u00e9n Vasconcelos. Justicia para Sol, es justicia para todas. C\u00e1rcel para Vasconcelos en Oaxaca\u201d<\/p>\n\n\n\n<p>Finalmente, la asociaci\u00f3n civil \u201cLuna del Sur\u201d se sum\u00f3 al llamado colectivo, llamado de atenci\u00f3n que, dijo, es para las autoridades operadoras de justicia con la intenci\u00f3n de que cumplan las leyes y den acceso pronto y expedito de la justicia a favor de la familia de Mar\u00eda del Sol.&nbsp;<\/p>\n\n\n\n<p>\u201cLleva tres a\u00f1os de impunidad su asesinato y no podemos permitir un d\u00eda m\u00e1s. Aqu\u00ed seguimos apoyando a la familia y a todas aquellas mujeres que han sido privadas arbitrariamente de la vida. Seguimos en pie\u201d, sentenci\u00f3 Erika Lili D\u00edaz, representante de la organizaci\u00f3n.&nbsp;&nbsp;<\/p>\n","protected":false},"excerpt":{"rendered":"<p>Evlin Arag\u00f3n\/Zona Roja. Oaxaca de Ju\u00e1rez, Oax., 2 de junio de 2021.- Mar\u00eda Fernanda y&hellip;<\/p>\n","protected":false},"author":2,"featured_media":28044,"comment_status":"closed","ping_status":"open","sticky":false,"template":"","format":"standard","meta":{"_lmt_disableupdate":"","_lmt_disable":"","_jetpack_memberships_contains_paid_content":false,"footnotes":""},"categories":[109,47],"tags":[1059],"class_list":["post-28043","post","type-post","status-publish","format-standard","has-post-thumbnail","hentry","category-minuto-a-minuto","category-zona-gris","tag-maria-del-sol-cruz-jarquin"],"jetpack_featured_media_url":"https:\/\/zonaroja.com.mx\/wp-content\/uploads\/2021\/06\/Justicia-para-Sol-1.jpg","jetpack_sharing_enabled":true,"_links":{"self":[{"href":"https:\/\/zonaroja.com.mx\/index.php?rest_route=\/wp\/v2\/posts\/28043","targetHints":{"allow":["GET"]}}],"collection":[{"href":"https:\/\/zonaroja.com.mx\/index.php?rest_route=\/wp\/v2\/posts"}],"about":[{"href":"https:\/\/zonaroja.com.mx\/index.php?rest_route=\/wp\/v2\/types\/post"}],"author":[{"embeddable":true,"href":"https:\/\/zonaroja.com.mx\/index.php?rest_route=\/wp\/v2\/users\/2"}],"replies":[{"embeddable":true,"href":"https:\/\/zonaroja.com.mx\/index.php?rest_route=%2Fwp%2Fv2%2Fcomments&post=28043"}],"version-history":[{"count":1,"href":"https:\/\/zonaroja.com.mx\/index.php?rest_route=\/wp\/v2\/posts\/28043\/revisions"}],"predecessor-version":[{"id":28045,"href":"https:\/\/zonaroja.com.mx\/index.php?rest_route=\/wp\/v2\/posts\/28043\/revisions\/28045"}],"wp:featuredmedia":[{"embeddable":true,"href":"https:\/\/zonaroja.com.mx\/index.php?rest_route=\/wp\/v2\/media\/28044"}],"wp:attachment":[{"href":"https:\/\/zonaroja.com.mx\/index.php?rest_route=%2Fwp%2Fv2%2Fmedia&parent=28043"}],"wp:term":[{"taxonomy":"category","embeddable":true,"href":"https:\/\/zonaroja.com.mx\/index.php?rest_route=%2Fwp%2Fv2%2Fcategories&post=28043"},{"taxonomy":"post_tag","embeddable":true,"href":"https:\/\/zonaroja.com.mx\/index.php?rest_route=%2Fwp%2Fv2%2Ftags&post=28043"}],"curies":[{"name":"wp","href":"https:\/\/api.w.org\/{rel}","templated":true}]}}