{"id":28049,"date":"2021-06-02T16:02:58","date_gmt":"2021-06-02T21:02:58","guid":{"rendered":"http:\/\/www.zonaroja.com.mx\/?p=28049"},"modified":"2021-06-02T16:03:03","modified_gmt":"2021-06-02T21:03:03","slug":"tres-anos-sin-sol-impunidad-y-complicidad-la-constante-en-el-caso","status":"publish","type":"post","link":"https:\/\/zonaroja.com.mx\/?p=28049","title":{"rendered":"Tres a\u00f1os sin Sol: impunidad y complicidad la constante en el caso"},"content":{"rendered":"\n<p>Evlin Arag\u00f3n\/Zona Roja.<\/p>\n\n\n\n<p>Oaxaca de Ju\u00e1rez, Oax., 2 de junio de 2021.- \u201cHace 36 meses y unas horas que las balas asesinas accionadas por sicarios nos arrebataron su vida. Hace 36 meses y unas horas que el Estado mexicano y las autoridades de Oaxaca que encabeza Alejandro Murat, siguen incrementando la deuda con mi hija a nivel de la justicia\u201d.&nbsp;<\/p>\n\n\n\n<p>Son las sentidas palabras de la periodista Soledad Jarqu\u00edn Edgar, quien este mi\u00e9rcoles, acompa\u00f1ada de activistas, defensoras de derechos humanos y otras madres de mujeres v\u00edctimas de feminicidio, insisti\u00f3 en reclamar la justica que desde hace tres a\u00f1os busca, tras el asesinato violento de Mar\u00eda del Sol Cruz Jarqu\u00edn, la m\u00e1s peque\u00f1a de sus hijas.&nbsp;<\/p>\n\n\n\n<p>\u201cEstamos aqu\u00ed para decirle al sistema de justicia mexicano que no nos vamos a rendir, que seguiremos exigiendo justicia para nuestras hijas\u201d, sentenci\u00f3, con tristeza, coraje y determinaci\u00f3n.&nbsp;<\/p>\n\n\n\n<p>Conocedora del tema, explic\u00f3 que M\u00e9xico se ha distinguido por ser uno de los pa\u00edses m\u00e1s letales con las mujeres y lament\u00f3 no tener buenas noticias que compartir, por el contrario, dijo, han pasado mil 95 d\u00edas sin que la F\u00edscal\u00eda de Oaxaca haya avanzado de manera contundente en el caso de Mar\u00eda del Sol.&nbsp;<\/p>\n\n\n\n<p>Jarqu\u00edn Edgar evidenci\u00f3 que, con la salida de Rub\u00e9n Vasconcelos de la Fiscal\u00eda, se comprob\u00f3 lo que ya hab\u00eda adelantado desde hace meses, la complicidad del ex fiscal con los responsables de los hechos y la impunidad que promovi\u00f3, pese a que su labor era hacer justicia.&nbsp;<\/p>\n\n\n\n<p>\u201cEl ex fiscal de Oaxaca, Rub\u00e9n Vasconcelos M\u00e9ndez y su cercano equipo de colaboradores construy\u00f3 un pacto de impunidad y complicidad que mantiene sin castigo a las personas responsables del triple asesinato ocurrido en Juchit\u00e1n de Zaragoza, la madrugada del dos de junio del 2018\u201d, dijo.&nbsp;<\/p>\n\n\n\n<p>En este sentido, manifest\u00f3 que en varias ocasiones le advirtieron al ex fiscal y a su equipo sobre los vac\u00edos y acciones que hab\u00edan dejado de lado para dar con los autores materiales e intelectuales de los hechos, Vasconcelos M\u00e9ndez se empe\u00f1\u00f3 en desacreditar los dichos y sostuvo que a la familia de la v\u00edctima la mov\u00edan intereses ajenos a la justicia.<\/p>\n\n\n\n<figure class=\"wp-block-embed-twitter wp-block-embed is-type-rich is-provider-twitter\"><div class=\"wp-block-embed__wrapper\">\n<div class=\"twitter-tweet\"><blockquote class=\"twitter-tweet\" data-lang=\"es\"><p lang=\"es\" dir=\"ltr\"><a href=\"https:\/\/twitter.com\/hashtag\/ENVIVO?src=hash&amp;ref_src=twsrc%5Etfw\">#ENVIVO<\/a><br>Oaxaca de Ju\u00e1rez, Oax., 2 de junio de 2021.- Conferencia de prensa de familiares de Mar\u00eda del Sol Cruz Jarqu\u00edn y organizaciones civiles, a tres a\u00f1os del asesinato de la fotoperiodista.<br><br>Siga aqu\u00ed la transmisi\u00f3n:<br>\ud83d\udc47<a href=\"https:\/\/t.co\/NqKRIw4G4I\">https:\/\/t.co\/NqKRIw4G4I<\/a> <a href=\"https:\/\/t.co\/HKZNHTRvWQ\">pic.twitter.com\/HKZNHTRvWQ<\/a><\/p>&mdash; Zona Roja Oaxaca (@Zona_Roja_Oax) <a href=\"https:\/\/twitter.com\/Zona_Roja_Oax\/status\/1400143589317939201?ref_src=twsrc%5Etfw\">2 de junio de 2021<\/a><\/blockquote><\/div>\n<\/div><\/figure>\n\n\n\n<p>\u201cDolosamente, Vasconcelos M\u00e9ndez habr\u00eda ordenado actuar con dilaci\u00f3n de manera superficial y de forma deshonesta para proteger intereses pol\u00edticos y econ\u00f3micos. Hay acusaciones serias de las cuales deber\u00e1 tomar cartas el ahora fiscal Arturo Peimbert para dar respuesta a la sociedad y detener la impunidad que lacera a muchas mujeres, familias y a todo Oaxaca\u201d, indic\u00f3.&nbsp;<\/p>\n\n\n\n<p>La periodista cuestion\u00f3 que la justicia y la verdad no sean consideradas como un derecho que debe garantizar el Estado, por el contrario, se cierren las puertas a las v\u00edctimas quienes no son prioridad para las autoridades y a quienes no se les da un trato digno.<\/p>\n\n\n\n<p>Record\u00f3 que, el origen del crimen es la ambici\u00f3n de los hermanos Francisco Javier y Hageo Montero L\u00f3pez, quienes sin importar nada utilizaron recursos p\u00fablicos para su beneficio y obligaron a Mar\u00eda del Sol a trasladarse a uno de los municipios, considerado dentro de los diez m\u00e1s violentos del pa\u00eds en el 2018.&nbsp;<\/p>\n\n\n\n<p>Ambos personajes dijeron son delincuentes de cuello blanco que no han recibido sanci\u00f3n, por parte del gobernador de Oaxaca, Alejandro Murat, pese a la sentencia del Tribunal Estatal Electoral; caso similar el de Araceli Pinelo L\u00f3pez y Rub\u00e9n Vasconcelos M\u00e9ndez, la primera a\u00fan al frente del Fiscal\u00eda Especializada en Delitos Electorales, y el segundo reci\u00e9n premiado con la titularidad en la Secretar\u00eda de Bienestar.&nbsp;<\/p>\n\n\n\n<p>\u201cDe ese tama\u00f1o es la impunidad solapada por el gobernador de Oaxaca, hace 36 meses y unas horas que esperamos que la justicia llegue porque sabemos que la justicia para Sol es justicia para todas. La sociedad no puede ni debe aceptar la impunidad ya que de esa manera se condena al resto de las mujeres\u201d, sentenci\u00f3.\u00a0<\/p>\n\n\n\n<figure class=\"wp-block-embed-twitter wp-block-embed is-type-rich is-provider-twitter\"><div class=\"wp-block-embed__wrapper\">\n<div class=\"twitter-tweet\"><blockquote class=\"twitter-tweet\" data-lang=\"es\"><p lang=\"es\" dir=\"ltr\">Soledad Jarqu\u00edn Edgar (<a href=\"https:\/\/twitter.com\/jarquinedgar?ref_src=twsrc%5Etfw\">@jarquinedgar<\/a>) hoy: \u201cLas autoridades siguen incrementando la injusticia con mi hija, al negarle la justicia\u2026 Pero no nos vamos a rendir, seguiremos exigiendo justicia para nuestras hijas\u2026 Este d\u00eda, lamento tener que decir que no hay buenas noticias\u201d. <a href=\"https:\/\/t.co\/R14PpG7fEN\">pic.twitter.com\/R14PpG7fEN<\/a><\/p>&mdash; Zona Roja Oaxaca (@Zona_Roja_Oax) <a href=\"https:\/\/twitter.com\/Zona_Roja_Oax\/status\/1400193793769549829?ref_src=twsrc%5Etfw\">2 de junio de 2021<\/a><\/blockquote><\/div>\n<\/div><\/figure>\n\n\n\n<p>TRIBUNAL FEMINISTA<\/p>\n\n\n\n<p>Ante la evidente impunidad y la complicidad de las autoridades en Oaxaca que, adem\u00e1s, ha sido una constante para quienes buscan justicia, Soledad Jarqu\u00edn anunci\u00f3 la conformaci\u00f3n de un Tribunal Feminista contra la Violencia Feminicida y los Feminicidios en Oaxaca, por medio del cual se juzgar\u00e1 al ex fiscal, Rub\u00e9n Vasconcelos.&nbsp;<\/p>\n\n\n\n<p>De ah\u00ed que invit\u00f3 a las v\u00edctimas y familiares de v\u00edctimas que han visto obstruido su derecho de acceso a la justicia a participar y exponer sus casos con la intenci\u00f3n de generar una sanci\u00f3n social, a falta de instituciones formales comprometidas con su obligaci\u00f3n.&nbsp;<\/p>\n\n\n\n<p>\u201cNo estamos dispuestas a solapar la impunidad del estado. Llamamos al movimiento feminista nacional que apoyen y respalden esta acci\u00f3n ciudadana. Le pedimos a Andr\u00e9s Manuel L\u00f3pez Obrador que asuma su deuda con las mujeres y coloque en su agenda de primer orden la sanci\u00f3n a la impunidad que padece la Fiscal\u00eda de Oaxaca y que da\u00f1a la tranquilidad de las familias de la paz sociedad\u201d, sentenci\u00f3.&nbsp;&nbsp;<\/p>\n","protected":false},"excerpt":{"rendered":"<p>Evlin Arag\u00f3n\/Zona Roja. Oaxaca de Ju\u00e1rez, Oax., 2 de junio de 2021.- \u201cHace 36 meses&hellip;<\/p>\n","protected":false},"author":2,"featured_media":28050,"comment_status":"closed","ping_status":"open","sticky":false,"template":"","format":"standard","meta":{"_lmt_disableupdate":"","_lmt_disable":"","_jetpack_memberships_contains_paid_content":false,"footnotes":""},"categories":[109,47],"tags":[1059],"class_list":["post-28049","post","type-post","status-publish","format-standard","has-post-thumbnail","hentry","category-minuto-a-minuto","category-zona-gris","tag-maria-del-sol-cruz-jarquin"],"jetpack_featured_media_url":"https:\/\/zonaroja.com.mx\/wp-content\/uploads\/2021\/06\/Conferencia-Soledad-Jarquin.jpeg","jetpack_sharing_enabled":true,"_links":{"self":[{"href":"https:\/\/zonaroja.com.mx\/index.php?rest_route=\/wp\/v2\/posts\/28049","targetHints":{"allow":["GET"]}}],"collection":[{"href":"https:\/\/zonaroja.com.mx\/index.php?rest_route=\/wp\/v2\/posts"}],"about":[{"href":"https:\/\/zonaroja.com.mx\/index.php?rest_route=\/wp\/v2\/types\/post"}],"author":[{"embeddable":true,"href":"https:\/\/zonaroja.com.mx\/index.php?rest_route=\/wp\/v2\/users\/2"}],"replies":[{"embeddable":true,"href":"https:\/\/zonaroja.com.mx\/index.php?rest_route=%2Fwp%2Fv2%2Fcomments&post=28049"}],"version-history":[{"count":1,"href":"https:\/\/zonaroja.com.mx\/index.php?rest_route=\/wp\/v2\/posts\/28049\/revisions"}],"predecessor-version":[{"id":28051,"href":"https:\/\/zonaroja.com.mx\/index.php?rest_route=\/wp\/v2\/posts\/28049\/revisions\/28051"}],"wp:featuredmedia":[{"embeddable":true,"href":"https:\/\/zonaroja.com.mx\/index.php?rest_route=\/wp\/v2\/media\/28050"}],"wp:attachment":[{"href":"https:\/\/zonaroja.com.mx\/index.php?rest_route=%2Fwp%2Fv2%2Fmedia&parent=28049"}],"wp:term":[{"taxonomy":"category","embeddable":true,"href":"https:\/\/zonaroja.com.mx\/index.php?rest_route=%2Fwp%2Fv2%2Fcategories&post=28049"},{"taxonomy":"post_tag","embeddable":true,"href":"https:\/\/zonaroja.com.mx\/index.php?rest_route=%2Fwp%2Fv2%2Ftags&post=28049"}],"curies":[{"name":"wp","href":"https:\/\/api.w.org\/{rel}","templated":true}]}}